{"id":1585,"date":"2022-01-15T16:51:37","date_gmt":"2022-01-15T19:51:37","guid":{"rendered":"http:\/\/periciajudicial.zsistemas.com.br\/?p=1585"},"modified":"2026-04-24T20:09:08","modified_gmt":"2026-04-24T23:09:08","slug":"diferenca-entre-vestigios-evidencias-e-indicios","status":"publish","type":"post","link":"https:\/\/periciajudicial.zsistemas.com.br\/index.php\/2022\/01\/15\/diferenca-entre-vestigios-evidencias-e-indicios\/","title":{"rendered":"Diferen\u00e7a entre vest\u00edgios, evid\u00eancias e ind\u00edcios"},"content":{"rendered":"\n<p>Este artigo t\u00e9cnico explora as distin\u00e7\u00f5es fundamentais entre dados, informa\u00e7\u00f5es e as etapas evolutivas da prova pericial (vest\u00edgios, evid\u00eancias e ind\u00edcios), conforme apresentado no v\u00eddeo. O dom\u00ednio desses conceitos \u00e9 essencial para qualquer perito judicial ou assistente t\u00e9cnico que busca elaborar laudos robustos e tecnicamente precisos.<\/p>\n\n\n\n<figure class=\"wp-block-embed is-type-video is-provider-youtube wp-block-embed-youtube wp-embed-aspect-16-9 wp-has-aspect-ratio\"><div class=\"wp-block-embed__wrapper\">\n<iframe loading=\"lazy\" title=\"Diferen\u00e7a entre vest\u00edgios, evid\u00eancias e ind\u00edcios\" width=\"910\" height=\"512\" src=\"https:\/\/www.youtube.com\/embed\/amKrU6ZRK7c?feature=oembed\" frameborder=\"0\" allow=\"accelerometer; autoplay; clipboard-write; encrypted-media; gyroscope; picture-in-picture; web-share\" referrerpolicy=\"strict-origin-when-cross-origin\" allowfullscreen><\/iframe>\n<\/div><\/figure>\n\n\n\n<p>Escute o Podcast explicado por IA<\/p>\n\n\n\n<figure class=\"wp-block-audio\"><audio controls src=\"https:\/\/periciajudicial.zsistemas.com.br\/wp-content\/uploads\/2022\/01\/Diferenca-entre-vestigios_-evidencias-e-indicios.mp3\"><\/audio><\/figure>\n\n\n\n<p>O conte\u00fado explica a distin\u00e7\u00e3o t\u00e9cnica entre&nbsp;<strong>dados<\/strong>&nbsp;e&nbsp;<strong>informa\u00e7\u00f5es<\/strong>&nbsp;no contexto da per\u00edcia judicial, utilizando a analogia de um garimpeiro para ilustrar como elementos brutos s\u00e3o filtrados. O autor detalha a trajet\u00f3ria evolutiva de uma prova, que nasce como um&nbsp;<strong>vest\u00edgio<\/strong>&nbsp;bruto, transforma-se em&nbsp;<strong>evid\u00eancia<\/strong>&nbsp;ao conectar-se ao caso e atinge o status de&nbsp;<strong>ind\u00edcio<\/strong>&nbsp;quando devidamente comprovada. Atrav\u00e9s de exemplos pr\u00e1ticos, como a an\u00e1lise de pegadas ou DNA, o texto demonstra as tr\u00eas fases essenciais do trabalho pericial:&nbsp;<strong>coleta<\/strong>,&nbsp;<strong>exame<\/strong>&nbsp;e&nbsp;<strong>an\u00e1lise<\/strong>. O objetivo central \u00e9 esclarecer como o perito converte o &#8220;lixo&#8221; informativo em elementos fundamentais para a constru\u00e7\u00e3o do&nbsp;<strong>laudo judicial<\/strong>. Assim, a fonte oferece um guia did\u00e1tico sobre a hierarquia e o amadurecimento dos elementos probat\u00f3rios em uma investiga\u00e7\u00e3o.<\/p>\n\n\n\n<h2 class=\"wp-block-heading\"><strong>Introdu\u00e7\u00e3o<\/strong><\/h2>\n\n\n\n<p>A atividade pericial moderna n\u00e3o pode mais ser compreendida como um simples ato de coleta e descri\u00e7\u00e3o de fatos isolados, mas sim como um processo estruturado de constru\u00e7\u00e3o do conhecimento t\u00e9cnico dentro do processo judicial, no qual cada elemento observado percorre um caminho evolutivo at\u00e9 adquirir densidade probat\u00f3ria suficiente para influenciar o convencimento do ju\u00edzo; nesse contexto, a precis\u00e3o conceitual deixa de ser um detalhe acad\u00eamico e passa a representar um requisito metodol\u00f3gico indispens\u00e1vel, pois \u00e9 justamente a correta distin\u00e7\u00e3o entre dado, informa\u00e7\u00e3o, vest\u00edgio, evid\u00eancia e ind\u00edcio que permite ao perito organizar sua atua\u00e7\u00e3o de forma l\u00f3gica, rastre\u00e1vel e cientificamente defens\u00e1vel, evitando conclus\u00f5es precipitadas ou fr\u00e1geis, especialmente em \u00e1reas sens\u00edveis como a Computa\u00e7\u00e3o Forense, onde o volume massivo de registros digitais exige crit\u00e9rios rigorosos de filtragem e interpreta\u00e7\u00e3o; assim, compreender essa evolu\u00e7\u00e3o n\u00e3o apenas qualifica o laudo pericial, mas tamb\u00e9m protege o pr\u00f3prio perito contra impugna\u00e7\u00f5es t\u00e9cnicas, uma vez que demonstra dom\u00ednio metodol\u00f3gico e ader\u00eancia a padr\u00f5es cient\u00edficos.<\/p>\n\n\n\n<h2 class=\"wp-block-heading\"><strong>Resumo<\/strong><\/h2>\n\n\n\n<p>O artigo demonstra que a prova pericial n\u00e3o surge pronta, mas resulta de um processo progressivo que parte de dados brutos, passa pela sele\u00e7\u00e3o de informa\u00e7\u00f5es relevantes, evolui para evid\u00eancias com nexo l\u00f3gico e culmina em ind\u00edcios tecnicamente sustentados, sendo esse percurso essencial para garantir a validade e a for\u00e7a probat\u00f3ria do laudo.<\/p>\n\n\n\n<hr class=\"wp-block-separator has-alpha-channel-opacity\"\/>\n\n\n\n<h2 class=\"wp-block-heading\">Diagrama explicado por IA<\/h2>\n\n\n\n<figure class=\"wp-block-image size-large\"><img loading=\"lazy\" decoding=\"async\" width=\"1024\" height=\"572\" src=\"https:\/\/periciajudicial.zsistemas.com.br\/wp-content\/uploads\/2022\/01\/image-1024x572.png\" alt=\"\" class=\"wp-image-5459\" srcset=\"https:\/\/periciajudicial.zsistemas.com.br\/wp-content\/uploads\/2022\/01\/image-1024x572.png 1024w, https:\/\/periciajudicial.zsistemas.com.br\/wp-content\/uploads\/2022\/01\/image-300x167.png 300w, https:\/\/periciajudicial.zsistemas.com.br\/wp-content\/uploads\/2022\/01\/image-768x429.png 768w, https:\/\/periciajudicial.zsistemas.com.br\/wp-content\/uploads\/2022\/01\/image-1536x857.png 1536w, https:\/\/periciajudicial.zsistemas.com.br\/wp-content\/uploads\/2022\/01\/image-2048x1143.png 2048w\" sizes=\"auto, (max-width: 1024px) 100vw, 1024px\" \/><\/figure>\n\n\n\n<hr class=\"wp-block-separator has-alpha-channel-opacity\"\/>\n\n\n\n<h2 class=\"wp-block-heading\"><strong>Dados Brutos e o Excesso Informacional na Per\u00edcia<\/strong><\/h2>\n\n\n\n<p>Ao se iniciar qualquer trabalho pericial, o profissional se depara com um universo amplo e, muitas vezes, ca\u00f3tico de elementos coletados, os chamados dados, que representam fatos em estado bruto, desprovidos de interpreta\u00e7\u00e3o e, na maioria das vezes, de utilidade imediata para o objeto da per\u00edcia; esses dados podem assumir m\u00faltiplas formas, como registros digitais, documentos f\u00edsicos, logs de sistemas, imagens, vest\u00edgios materiais ou mesmo informa\u00e7\u00f5es declaradas nos autos, sendo comum que a maior parte desse material n\u00e3o possua relev\u00e2ncia direta para a quest\u00e3o controvertida, o que evidencia que a simples coleta, por mais volumosa que seja, n\u00e3o agrega valor probat\u00f3rio se n\u00e3o houver um crit\u00e9rio t\u00e9cnico de sele\u00e7\u00e3o, situa\u00e7\u00e3o bastante evidente em cen\u00e1rios de an\u00e1lise digital, onde terabytes de dados podem ser apreendidos, mas apenas pequenos fragmentos efetivamente contribuir\u00e3o para a elucida\u00e7\u00e3o do fato.<\/p>\n\n\n\n<hr class=\"wp-block-separator has-alpha-channel-opacity\"\/>\n\n\n\n<h2 class=\"wp-block-heading\">Tabela explicativa<\/h2>\n\n\n\n<figure class=\"wp-block-table\"><table class=\"has-fixed-layout\"><tbody><tr><th>nceito<\/th><th>Defini\u00e7\u00e3o<\/th><th>Fase da Per\u00edcia<\/th><th>Status da Informa\u00e7\u00e3o<\/th><th>Exemplo Pr\u00e1tico<\/th><th>Rela\u00e7\u00e3o de Evolu\u00e7\u00e3o (Inferido)<\/th><th>Fonte<\/th><\/tr><tr><td>Dado<\/td><td>Fato puro ou bruto, muitas vezes desnecess\u00e1rio ou insignificante (lixo) antes de ser filtrado.<\/td><td>Coleta<\/td><td>Dado bruto<\/td><td>Milhares de megabytes coletados em uma busca e apreens\u00e3o ou pedras aleat\u00f3rias coletadas por um garimpeiro.<\/td><td>Ponto de partida da coleta que pode ou n\u00e3o ser aproveitado conforme a relev\u00e2ncia com o caso.<\/td><td>[1]<\/td><\/tr><tr><td>Vest\u00edgio<\/td><td>Elemento material bruto encontrado na cena que ainda n\u00e3o se sabe se \u00e9 necess\u00e1rio ou descart\u00e1vel.<\/td><td>Coleta<\/td><td>Dado bruto<\/td><td>Uma pegada ou digital encontrada em uma cena pericial que ainda ser\u00e1 analisada.<\/td><td>Elemento inicial que, ao ter nexo de causalidade identificado, evolui para evid\u00eancia.<\/td><td>[1]<\/td><\/tr><tr><td>Informa\u00e7\u00e3o<\/td><td>Dado de relev\u00e2ncia que se conecta com o tema da per\u00edcia e possui utilidade para o perito.<\/td><td>Exame<\/td><td>Dado \u00fatil<\/td><td>Os 3 MB de dados filtrados de um total de 20 TB que possuem rela\u00e7\u00e3o direta com o fato investigado.<\/td><td>Resultado da filtragem e separa\u00e7\u00e3o de dados brutos que demonstram nexo com o objeto da per\u00edcia.<\/td><td>[1]<\/td><\/tr><tr><td>Evid\u00eancia<\/td><td>Vest\u00edgio que se conecta logicamente ao caso, tornando-se uma informa\u00e7\u00e3o necess\u00e1ria para a per\u00edcia.<\/td><td>Exame<\/td><td>Dado \u00fatil \/ Informa\u00e7\u00e3o<\/td><td>Uma pegada com manchas de sangue que coincide com o cal\u00e7ado do suspeito, estabelecendo nexo causal.<\/td><td>Transforma\u00e7\u00e3o do vest\u00edgio em informa\u00e7\u00e3o relevante ap\u00f3s a constata\u00e7\u00e3o de sua liga\u00e7\u00e3o com o evento.<\/td><td>[1]<\/td><\/tr><tr><td>Ind\u00edcio<\/td><td>A &#8216;prova aprovada&#8217;; um fato provado que, por meio de constru\u00e7\u00e3o l\u00f3gica, aponta para a autoria ou circunst\u00e2ncia.<\/td><td>An\u00e1lise<\/td><td>Prova aprovada<\/td><td>DNA do sangue da v\u00edtima encontrado no sapato do r\u00e9u ou falta de \u00e1libi confirmada por GPS.<\/td><td>N\u00edvel m\u00e1ximo de evolu\u00e7\u00e3o da prova, onde a evid\u00eancia \u00e9 corroborada por outros fatores e an\u00e1lises concretas.<\/td><td>[1]<\/td><\/tr><\/tbody><\/table><\/figure>\n\n\n\n<hr class=\"wp-block-separator has-alpha-channel-opacity\"\/>\n\n\n\n<h2 class=\"wp-block-heading\"><strong>Da Transforma\u00e7\u00e3o do Dado em Informa\u00e7\u00e3o Relevante<\/strong><\/h2>\n\n\n\n<p>A transforma\u00e7\u00e3o do dado em informa\u00e7\u00e3o ocorre exatamente no momento em que esse elemento bruto \u00e9 submetido a um filtro de relev\u00e2ncia, passando a se conectar diretamente com o objeto da per\u00edcia; nesse est\u00e1gio, o perito deixa de atuar como mero coletor e passa a exercer um papel interpretativo inicial, identificando quais elementos possuem pertin\u00eancia tem\u00e1tica e potencial probat\u00f3rio, sendo poss\u00edvel compreender esse processo por meio de uma analogia cl\u00e1ssica: o dado corresponde ao material extra\u00eddo de um garimpo, composto por terra, pedras e res\u00edduos, enquanto a informa\u00e7\u00e3o representa aquilo que, ap\u00f3s triagem, revela algum valor, como um min\u00e9rio ou pedra preciosa; essa etapa exige n\u00e3o apenas conhecimento t\u00e9cnico, mas tamb\u00e9m experi\u00eancia pr\u00e1tica e clareza quanto ao objetivo da per\u00edcia, pois uma sele\u00e7\u00e3o inadequada pode comprometer todas as fases subsequentes.<\/p>\n\n\n\n<hr class=\"wp-block-separator has-alpha-channel-opacity\"\/>\n\n\n\n<h2 class=\"wp-block-heading\">Mapa mental<\/h2>\n\n\n\n<!-- CONTAINER -->\n<div id=\"mindmap-container\">\n    <div class=\"mm-instructions\">\n        \u25cf Clique nos c\u00edrculos para expandir\/recolher<br>\n        \u25cf Arraste para mover\n    <\/div>\n    <svg id=\"mindmap\"><\/svg>\n<\/div>\n\n<!-- D3 -->\n<script src=\"https:\/\/d3js.org\/d3.v7.min.js\"><\/script>\n\n<style>\n#mindmap-container {\n    width: 100%;\n    height: 500px;\n    background-color: #1a1a1a;\n    position: relative;\n    overflow: hidden;\n    border-radius: 8px;\n}\n\n#mindmap-container .mm-instructions {\n    position: absolute;\n    top: 10px;\n    left: 10px;\n    color: #bdc3c7;\n    background: rgba(0,0,0,0.6);\n    padding: 8px;\n    border-radius: 5px;\n    font-size: 12px;\n    z-index: 10;\n}\n\n#mindmap-container .node circle {\n    fill: #2c3e50;\n    stroke: #3498db;\n    stroke-width: 2px;\n    cursor: pointer;\n}\n\n#mindmap-container .node text {\n    font-size: 12px;\n    fill: #ecf0f1;\n    pointer-events: none;\n}\n\n#mindmap-container .link {\n    fill: none;\n    stroke: #555;\n    stroke-width: 1.5px;\n}\n<\/style>\n\n<script>\n\nconst data = {\n    name: \"Per\u00edcia Judicial e Cadeia de Cust\u00f3dia\",\n    children: [\n        {\n            name: \"Dados vs. Informa\u00e7\u00f5es\",\n            children: [\n                {\n                    name: \"Dados (Fato Puro)\",\n                    children: [\n                        { name: \"Vest\u00edgios brutos\" },\n                        { name: \"Coleta desordenada\" },\n                        { name: \"Lixo (Dados irrelevantes)\" }\n                    ]\n                },\n                {\n                    name: \"Informa\u00e7\u00e3o (Dado \u00datil)\",\n                    children: [\n                        { name: \"Conex\u00e3o com o tema\" },\n                        { name: \"Fato de relev\u00e2ncia\" },\n                        { name: \"Dado aproveitado\" }\n                    ]\n                }\n            ]\n        },\n        {\n            name: \"Evolu\u00e7\u00e3o da Prova\",\n            children: [\n                {\n                    name: \"Vest\u00edgio\",\n                    children: [\n                        { name: \"Dado bruto coletado\" },\n                        { name: \"Exemplo: Pegada na cena\" }\n                    ]\n                },\n                {\n                    name: \"Evid\u00eancia\",\n                    children: [\n                        { name: \"Nexo de causalidade\" },\n                        { name: \"Identifica\u00e7\u00e3o l\u00f3gica\" },\n                        { name: \"Vest\u00edgio que vira informa\u00e7\u00e3o\" }\n                    ]\n                },\n                {\n                    name: \"Ind\u00edcio\",\n                    children: [\n                        { name: \"Prova provada\" },\n                        { name: \"Fato com comprova\u00e7\u00e3o\" },\n                        { name: \"Ind\u00edcio concreto (Ex: DNA)\" },\n                        { name: \"Ind\u00edcio estat\u00edstico\/l\u00f3gico\" }\n                    ]\n                }\n            ]\n        },\n        {\n            name: \"Fases da Per\u00edcia\",\n            children: [\n                { name: \"Coleta (Busca e apreens\u00e3o)\" },\n                { name: \"Exame (Separa\u00e7\u00e3o do lixo)\" },\n                { name: \"An\u00e1lise (Lapida\u00e7\u00e3o do dado)\" },\n                { name: \"Elabora\u00e7\u00e3o do Laudo\" }\n            ]\n        },\n        {\n            name: \"Analogia do Garimpeiro\",\n            children: [\n                { name: \"Pedras aleat\u00f3rias (Dados)\" },\n                { name: \"Pedras preciosas (Informa\u00e7\u00e3o)\" },\n                { name: \"Lapida\u00e7\u00e3o (An\u00e1lise pericial)\" }\n            ]\n        }\n    ]\n};\n\n\n\/\/ DIMENS\u00d5ES BASEADAS NO CONTAINER\nconst container = document.getElementById(\"mindmap-container\");\nconst width = container.clientWidth;\nconst height = container.clientHeight;\n\nconst svg = d3.select(\"#mindmap\")\n    .attr(\"width\", width)\n    .attr(\"height\", height)\n    .call(d3.zoom().on(\"zoom\", (event) => {\n        g.attr(\"transform\", event.transform);\n    }));\n\nconst g = svg.append(\"g\")\n    .attr(\"transform\", `translate(200,${height \/ 2})`);\n\nconst tree = d3.tree().nodeSize([40, 220]);\nlet root = d3.hierarchy(data);\n\nlet i = 0;\n\nroot.x0 = height \/ 2;\nroot.y0 = 0;\n\nupdate(root);\n\nfunction update(source) {\n    const nodes = tree(root).descendants();\n    const links = nodes.slice(1);\n\n    const duration = 400;\n\n    \/\/ NODES\n    const node = g.selectAll(\"g.node\")\n        .data(nodes, d => d.id || (d.id = ++i));\n\n    const nodeEnter = node.enter().append(\"g\")\n        .attr(\"class\", \"node\")\n        .attr(\"transform\", d => `translate(${source.y0},${source.x0})`)\n        .on(\"click\", (event, d) => {\n            if (d.children) {\n                d._children = d.children;\n                d.children = null;\n            } else {\n                d.children = d._children;\n                d._children = null;\n            }\n            update(d);\n        });\n\n    nodeEnter.append(\"circle\")\n        .attr(\"r\", 1e-6);\n\n    nodeEnter.append(\"text\")\n        .attr(\"dy\", \".35em\")\n        .attr(\"x\", d => d.children || d._children ? -10 : 10)\n        .attr(\"text-anchor\", d => d.children || d._children ? \"end\" : \"start\")\n        .text(d => d.data.name)\n        .style(\"fill-opacity\", 1e-6);\n\n    const nodeUpdate = nodeEnter.merge(node);\n\n    nodeUpdate.transition()\n        .duration(duration)\n        .attr(\"transform\", d => `translate(${d.y},${d.x})`);\n\n    nodeUpdate.select(\"circle\")\n        .attr(\"r\", 7);\n\n    nodeUpdate.select(\"text\")\n        .style(\"fill-opacity\", 1);\n\n    const nodeExit = node.exit().transition()\n        .duration(duration)\n        .attr(\"transform\", d => `translate(${source.y},${source.x})`)\n        .remove();\n\n    nodeExit.select(\"circle\").attr(\"r\", 1e-6);\n    nodeExit.select(\"text\").style(\"fill-opacity\", 1e-6);\n\n    \/\/ LINKS\n    const link = g.selectAll(\"path.link\")\n        .data(links, d => d.id);\n\n    const linkEnter = link.enter().insert(\"path\", \"g\")\n        .attr(\"class\", \"link\")\n        .attr(\"d\", d => {\n            const o = { x: source.x0, y: source.y0 };\n            return diagonal(o, o);\n        });\n\n    const linkUpdate = linkEnter.merge(link);\n\n    linkUpdate.transition()\n        .duration(duration)\n        .attr(\"d\", d => diagonal(d, d.parent));\n\n    link.exit().transition()\n        .duration(duration)\n        .attr(\"d\", d => {\n            const o = { x: source.x, y: source.y };\n            return diagonal(o, o);\n        })\n        .remove();\n\n    nodes.forEach(d => {\n        d.x0 = d.x;\n        d.y0 = d.y;\n    });\n\n    function diagonal(s, d) {\n        return `M ${s.y} ${s.x}\n                C ${(s.y + d.y) \/ 2} ${s.x},\n                  ${(s.y + d.y) \/ 2} ${d.x},\n                  ${d.y} ${d.x}`;\n    }\n}\n<\/script>\n\n\n\n<hr class=\"wp-block-separator has-alpha-channel-opacity\"\/>\n\n\n\n<h2 class=\"wp-block-heading\"><strong>A Estrutura Metodol\u00f3gica da Per\u00edcia: Coleta, Exame e An\u00e1lise<\/strong><\/h2>\n\n\n\n<p>Esse processo de refinamento se estrutura metodologicamente em tr\u00eas fases interdependentes, que formam o n\u00facleo da atua\u00e7\u00e3o pericial: a coleta consiste na obten\u00e7\u00e3o ampla e sistem\u00e1tica de todos os elementos potencialmente relevantes, devendo ser realizada com rigor t\u00e9cnico para garantir a integridade e a cadeia de cust\u00f3dia dos vest\u00edgios; o exame corresponde \u00e0 etapa de triagem, na qual o perito separa o que \u00e9 \u00fatil do que \u00e9 irrelevante, transformando dados em informa\u00e7\u00f5es qualificadas; j\u00e1 a an\u00e1lise representa o momento de aprofundamento t\u00e9cnico, no qual essas informa\u00e7\u00f5es s\u00e3o interpretadas \u00e0 luz de m\u00e9todos cient\u00edficos, permitindo a extra\u00e7\u00e3o de significado e a constru\u00e7\u00e3o de conclus\u00f5es fundamentadas; \u00e9 justamente nessa fase que o material deixa de ser apenas informativo e passa a adquirir valor probat\u00f3rio.<\/p>\n\n\n\n<hr class=\"wp-block-separator has-alpha-channel-opacity\"\/>\n\n\n\n<h2 class=\"wp-block-heading\">Infogr\u00e1fico explicado por IA<\/h2>\n\n\n\n<div data-wp-interactive=\"core\/file\" class=\"wp-block-file\"><object data-wp-bind--hidden=\"!state.hasPdfPreview\" hidden class=\"wp-block-file__embed\" data=\"https:\/\/periciajudicial.zsistemas.com.br\/wp-content\/uploads\/2022\/01\/Diferenca-entre-vestigios-evidencias-e-indicios.pdf\" type=\"application\/pdf\" style=\"width:100%;height:600px\" aria-label=\"Incorporado de Diferen\u00e7a entre vest\u00edgios, evid\u00eancias e ind\u00edcios.\"><\/object><a id=\"wp-block-file--media-0f23dc1d-9d2b-43ff-bfdf-193bcf6adcaa\" href=\"https:\/\/periciajudicial.zsistemas.com.br\/wp-content\/uploads\/2022\/01\/Diferenca-entre-vestigios-evidencias-e-indicios.pdf\">Diferen\u00e7a entre vest\u00edgios, evid\u00eancias e ind\u00edcios<\/a><a href=\"https:\/\/periciajudicial.zsistemas.com.br\/wp-content\/uploads\/2022\/01\/Diferenca-entre-vestigios-evidencias-e-indicios.pdf\" class=\"wp-block-file__button wp-element-button\" download aria-describedby=\"wp-block-file--media-0f23dc1d-9d2b-43ff-bfdf-193bcf6adcaa\">Baixar<\/a><\/div>\n\n\n\n<hr class=\"wp-block-separator has-alpha-channel-opacity\"\/>\n\n\n\n<h2 class=\"wp-block-heading\"><strong>Conclus\u00e3o: A Constru\u00e7\u00e3o Progressiva da Verdade T\u00e9cnica<\/strong><\/h2>\n\n\n\n<p>Dessa forma, a atua\u00e7\u00e3o do perito judicial deve ser compreendida como um processo cont\u00ednuo de depura\u00e7\u00e3o e qualifica\u00e7\u00e3o da informa\u00e7\u00e3o, no qual o profissional parte de um cen\u00e1rio inicial repleto de dados brutos e vest\u00edgios dispersos, aplica crit\u00e9rios t\u00e9cnicos para identificar informa\u00e7\u00f5es relevantes, estabelece conex\u00f5es que transformam essas informa\u00e7\u00f5es em evid\u00eancias e, por fim, consolida essas evid\u00eancias em ind\u00edcios robustos, aptos a subsidiar o convencimento do magistrado; ignorar ou simplificar esse percurso metodol\u00f3gico implica o risco de produzir um laudo fragilizado, repleto de informa\u00e7\u00f5es desconexas ou irrelevantes, o que, em \u00faltima an\u00e1lise, compromete n\u00e3o apenas o resultado da per\u00edcia, mas a pr\u00f3pria busca pela verdade t\u00e9cnica dentro do processo judicial.<\/p>\n\n\n\n<p>Muitos erros s\u00e3o cometidos ao mencionar uma dessas tr\u00eas palavrinhas. Muitas pessoas n\u00e3o entendem a diferen\u00e7a entre elas e chegam a pensar que s\u00e3o sin\u00f4nimos uma das outras, quando na verdade existe uma hierarquia entre elas com conceitos bem definidos.<\/p>\n\n\n\n<hr class=\"wp-block-separator has-alpha-channel-opacity\"\/>\n\n\n\n<h2 class=\"wp-block-heading\">Apresenta\u00e7\u00e3o explicada por IA<\/h2>\n\n\n\n<figure class=\"wp-block-embed is-type-video is-provider-youtube wp-block-embed-youtube wp-embed-aspect-16-9 wp-has-aspect-ratio\"><div class=\"wp-block-embed__wrapper\">\n<iframe loading=\"lazy\" title=\"Diferen\u00e7a entre vest\u00edgios, evid\u00eancias e ind\u00edcios\" width=\"910\" height=\"512\" src=\"https:\/\/www.youtube.com\/embed\/O_ejVhygr8U?feature=oembed\" frameborder=\"0\" allow=\"accelerometer; autoplay; clipboard-write; encrypted-media; gyroscope; picture-in-picture; web-share\" referrerpolicy=\"strict-origin-when-cross-origin\" allowfullscreen><\/iframe>\n<\/div><\/figure>\n\n\n\n<hr class=\"wp-block-separator has-alpha-channel-opacity\"\/>\n\n\n\n<h2 class=\"wp-block-heading\"><strong>Vest\u00edgios<\/strong><\/h2>\n\n\n\n<p>Trata-se basicamente dos rastros n\u00e3o analisados deixados pelo investigado, ou como cita o <strong>Professor Ariel Dias<\/strong> utilizando o texto de (<strong>SOARES,2021)<\/strong>, vest\u00edgios s\u00e3o marcas, sinais que o investigado deixa na cena pericial.<\/p>\n\n\n\n<blockquote class=\"wp-block-quote has-text-align-right is-layout-flow wp-block-quote-is-layout-flow\">\n<p><strong><em>Vest\u00edgios: s\u00e3o os objetos ou materiais encontrados no local do  crime e relevantes para a investiga\u00e7\u00e3o. Tais objetos devem ser  considerados como importantes em um primeiro momento e  podem auxiliar no esclarecimento dos fatos que est\u00e3o sendo  investigados. Ap\u00f3s a coleta, s\u00e3o submetidos aos processos de  an\u00e1lise, triagem e apura\u00e7\u00e3o anal\u00edtica. A partir disso, \u00e9 poss\u00edvel  identificar se eles realmente possuem algum v\u00ednculo com o  objetivo da per\u00edcia ou com o crime cometido. <\/em><\/strong><\/p>\n<cite> (SOARES,2021) <\/cite><\/blockquote>\n\n\n\n<p>A <strong><a href=\"http:\/\/legislacao.planalto.gov.br\/legisla\/legislacao.nsf\/Viw_Identificacao\/lei%2013.964-2019?OpenDocument\" target=\"_blank\" rel=\"noreferrer noopener\" aria-label=\" (opens in a new tab)\">LEI N\u00ba 13.964, DE 24 DE DEZEMBRO DE 2019<\/a><\/strong>, que aperfei\u00e7oa a legisla\u00e7\u00e3o penal e processual penal, traz tamb\u00e9m um conceito de vest\u00edgio em seu artigo 158 A.<\/p>\n\n\n\n<blockquote class=\"wp-block-quote has-text-align-right is-layout-flow wp-block-quote-is-layout-flow\">\n<p><strong><em>\u00a7 3\u00ba Vest\u00edgio \u00e9 todo objeto ou material bruto, vis\u00edvel ou latente, constatado ou recolhido, que se relaciona \u00e0 infra\u00e7\u00e3o penal.\u2019<\/em><\/strong><\/p>\n<cite> (<a rel=\"noreferrer noopener\" href=\"https:\/\/www.planalto.gov.br\/ccivil_03\/Decreto-Lei\/Del3689.htm#art158a\" target=\"_blank\">Art. 158-A<\/a>,  <strong><a rel=\"noreferrer noopener\" href=\"http:\/\/legislacao.planalto.gov.br\/legisla\/legislacao.nsf\/Viw_Identificacao\/lei%2013.964-2019?OpenDocument\" target=\"_blank\">LEI N\u00ba 13.964, DE 24 DE DEZEMBRO DE 2019<\/a><\/strong>) <\/cite><\/blockquote>\n\n\n\n<blockquote class=\"wp-block-quote is-layout-flow wp-block-quote-is-layout-flow\">\n<p><strong>Vest\u00edgios: O Ponto de Partida da Investiga\u00e7\u00e3o T\u00e9cnica<\/strong><br>Paralelamente a esse fluxo metodol\u00f3gico, desenvolve-se uma verdadeira hierarquia evolutiva da prova, que reflete o grau de maturidade e confiabilidade dos elementos analisados; no est\u00e1gio inicial, encontram-se os vest\u00edgios, que s\u00e3o todos os sinais materiais ou digitais identificados durante a per\u00edcia e que podem, em tese, ter rela\u00e7\u00e3o com o fato investigado, mas que ainda n\u00e3o possuem confirma\u00e7\u00e3o de relev\u00e2ncia, funcionando como pontos de partida para investiga\u00e7\u00e3o; um vest\u00edgio, portanto, n\u00e3o prova nada por si s\u00f3, sendo apenas um indicativo de que algo merece aten\u00e7\u00e3o t\u00e9cnica.<\/p>\n<\/blockquote>\n\n\n\n<p class=\"has-medium-font-size\"><strong>Exemplo de vest\u00edgios:<\/strong><\/p>\n\n\n\n<p>Em uma <strong>suspeita <\/strong>de invas\u00e3o a um servidor ou computador que teve seu banco de dados apagado, \u00e9 poss\u00edvel determinar que o banco de dados foi realmente apagado. Essa constata\u00e7\u00e3o trata-se de um <strong>vest\u00edgio subjetivo<\/strong>, <strong>infundado<\/strong>, <strong>imaterializado<\/strong>, <strong>te\u00f3rico <\/strong>de invas\u00e3o, isto \u00e9, suspeita-se de invas\u00e3o. Portanto os dados apagados s\u00e3o o vest\u00edgio da invas\u00e3o.<\/p>\n\n\n\n<p class=\"has-medium-font-size\"><strong>Vest\u00edgios ativos<\/strong><\/p>\n\n\n\n<p>S\u00e3o aqueles que <strong>registram <\/strong>ou <strong>materializam <\/strong>os vest\u00edgios. Os <strong>vest\u00edgios ativos<\/strong> relacionam a suspeita do ato com o ato, isto \u00e9, antes o vest\u00edgio n\u00e3o passava de uma suspeita subjetiva, infundada, imaterializada, te\u00f3rica, Quando da constata\u00e7\u00e3o dessa nova circunst\u00e2ncia material, atingi-se o status de <strong>vest\u00edgio ativo<\/strong>. Esses podem demonstrar quem cometeu o ato, quais as a\u00e7\u00f5es praticadas, qual a data e hora, entre outras informa\u00e7\u00f5es importantes.<\/p>\n\n\n\n<p class=\"has-medium-font-size\"><strong>Exemplo de vest\u00edgios ativos:<\/strong><\/p>\n\n\n\n<p>Em uma suspeita de invas\u00e3o a um servidor ou computador, que teve seu banco de dados apagado, \u00e9 poss\u00edvel encontrar tra\u00e7os do invasor analisando os logs (registros digitais). Se encontrarmos repentinas tentativa de login (tentativas de autentica\u00e7\u00e3o) com falhas e posterior sucesso, isso pode ser considerado um <strong>vest\u00edgio ativo<\/strong>.<\/p>\n\n\n\n<hr class=\"wp-block-separator has-alpha-channel-opacity\"\/>\n\n\n\n<h2 class=\"wp-block-heading\"><strong>Evid\u00eancias<\/strong><\/h2>\n\n\n\n<p>Evid\u00eancias s\u00e3o os <strong>vest\u00edgios com o nexus de causalidade estabelecidos<\/strong>, isto \u00e9, trata-se de um vest\u00edgio suportado por um vest\u00edgio ativo concreto (incontest\u00e1vel) ou por v\u00e1rios vest\u00edgios ativos, por uma materialidade relacional entre a suspeita e o ato. \u00c9 imprescind\u00edvel que estes vest\u00edgios ativos precisem <strong>evidenciar<\/strong>, isto \u00e9, deixar <strong>evidente <\/strong>que os dados coletados realizam liga\u00e7\u00e3o direta e incontest\u00e1vel com o ato investigado. Nesse caso tem-se a certeza que os dados coletados provam <strong>evidentemente <\/strong>que o ato aconteceu. Conforme o <strong>Professor Ariel Dias<\/strong> utilizando o texto de <strong>Juliana Soares<\/strong>, &#8220;<em><strong>evid\u00eancia \u00e9 a certeza manifesta sobre alguma coisa<\/strong><\/em>&#8220;.<\/p>\n\n\n\n<blockquote class=\"wp-block-quote has-text-align-right is-layout-flow wp-block-quote-is-layout-flow\">\n<p><strong><em>Evid\u00eancias: s\u00e3o derivadas dos vest\u00edgios, isto \u00e9, s\u00e3o elementos  materiais. Para os processos, s\u00e3o chamadas de \u201cprova material\u201d.  Isso significa que uma evid\u00eancia \u00e9 o vest\u00edgio ap\u00f3s passar por  avalia\u00e7\u00e3o, an\u00e1lise ou exame, restando comprovado que possui  v\u00ednculo direto com o evento que est\u00e1 sendo investigado.  <\/em><\/strong><\/p>\n<cite> (SOARES,2021) <\/cite><\/blockquote>\n\n\n\n<blockquote class=\"wp-block-quote is-layout-flow wp-block-quote-is-layout-flow\">\n<p><strong>Evid\u00eancia: A Consolida\u00e7\u00e3o do Nexo L\u00f3gico<\/strong><br>Quando o perito estabelece uma conex\u00e3o l\u00f3gica entre esse vest\u00edgio e o fato investigado, surge a evid\u00eancia, que j\u00e1 representa um avan\u00e7o significativo, pois deixa de ser um elemento meramente potencial e passa a integrar o racioc\u00ednio probat\u00f3rio; essa transforma\u00e7\u00e3o depende da identifica\u00e7\u00e3o de um nexo de causalidade ou de compatibilidade t\u00e9cnica, como ocorre, por exemplo, quando um registro digital \u00e9 associado a um determinado usu\u00e1rio, ou quando uma caracter\u00edstica f\u00edsica \u00e9 compat\u00edvel com um objeto espec\u00edfico; nesse ponto, o dado j\u00e1 foi convertido em informa\u00e7\u00e3o qualificada e passa a sustentar hip\u00f3teses t\u00e9cnicas.<\/p>\n<\/blockquote>\n\n\n\n<p class=\"has-medium-font-size\"><strong>Exemplo de evid\u00eancias:<\/strong><\/p>\n\n\n\n<p>No caso da suspeita de invas\u00e3o do servidor\/computador, at\u00e9 a constata\u00e7\u00e3o da perda do banco de dados, antes de se analisar os logs, tratava-se de uma suspeita de invas\u00e3o (<strong>vest\u00edgio<\/strong>). Ap\u00f3s a verifica\u00e7\u00e3o dos logs que demonstraram as indevidas e sucessivas tentativas de autentica\u00e7\u00e3o seguida de sucesso, a suspeita de invas\u00e3o foi materializada pelo <strong>vest\u00edgio ativo<\/strong>, tornando-se <strong>evid\u00eancia<\/strong>.<\/p>\n\n\n\n<hr class=\"wp-block-separator has-alpha-channel-opacity\"\/>\n\n\n\n<h2 class=\"wp-block-heading\">Ind\u00edcios<\/h2>\n\n\n\n<p>Conforme o CPP (C\u00f3digo de Processo Penal Brasileiro), em seu artigo 239, <strong>ind\u00edcio \u00e9 a evid\u00eancia provada<\/strong>, isto \u00e9, aquela suspeita eivada de <strong>vest\u00edgios<\/strong>, que foram materializados por v\u00e1rios <strong>vest\u00edgios ativos<\/strong> e que se tornaram <strong>evid\u00eancias<\/strong>, ap\u00f3s uma minuciosa e fundamentada an\u00e1lise t\u00e9cnico-cient\u00edfica resultou na devida comprova\u00e7\u00e3o da tese. Por fim o que era suspeita tornou-se prova cabal, concreta, definitiva do fato investigado, portanto tornou-se um <strong>ind\u00edcio<\/strong>.<\/p>\n\n\n\n<blockquote class=\"wp-block-quote has-text-align-right is-layout-flow wp-block-quote-is-layout-flow\">\n<p><strong><em>Ind\u00edcio: \u00e9 definido como a circunst\u00e2ncia conhecida, provada e  relacionada ao fato investigado, sendo poss\u00edvel concorr\u00eancia ou  combina\u00e7\u00e3o com outros elementos, situa\u00e7\u00f5es e acontecimentos  que auxiliem na conclus\u00e3o indutiva de outros ind\u00edcios  circunstanciais. Toda evid\u00eancia \u00e9 um ind\u00edcio, mas nem todo ind\u00edcio  \u00e9 uma evid\u00eancia, pois ele permite ter elementos de natureza  subjetiva e todos os demais meios de prova. Os ind\u00edcios de ordem  objetiva, que s\u00e3o os que t\u00eam como origem uma evid\u00eancia, sempre  decorrem de um procedimento pericial, ou seja, s\u00e3o circunst\u00e2ncias  10 conhecidas e provadas e, judicialmente, podem receber o nome de  prova indici\u00e1ria. <\/em><\/strong><\/p>\n<cite> (SOARES,2021) <\/cite><\/blockquote>\n\n\n\n<blockquote class=\"wp-block-quote has-text-align-right is-layout-flow wp-block-quote-is-layout-flow\">\n<p><strong>Art.&nbsp;239.&nbsp;&nbsp;Considera-se ind\u00edcio a circunst\u00e2ncia conhecida e provada, que, tendo rela\u00e7\u00e3o com o fato, autorize, por indu\u00e7\u00e3o, concluir-se a exist\u00eancia de outra ou outras circunst\u00e2ncias.<\/strong><\/p>\n<cite>C\u00f3digo de processo penal<\/cite><\/blockquote>\n\n\n\n<blockquote class=\"wp-block-quote is-layout-flow wp-block-quote-is-layout-flow\">\n<p><strong>Ind\u00edcio: A Prova T\u00e9cnica Consolidada<\/strong><br>O est\u00e1gio mais avan\u00e7ado dessa evolu\u00e7\u00e3o \u00e9 o ind\u00edcio, que se caracteriza pela consolida\u00e7\u00e3o da evid\u00eancia dentro de um contexto l\u00f3gico mais amplo, geralmente apoiado por m\u00faltiplos elementos convergentes; o ind\u00edcio n\u00e3o \u00e9 apenas uma evid\u00eancia isolada, mas sim uma evid\u00eancia corroborada, refor\u00e7ada por outros fatores que, em conjunto, apontam para uma conclus\u00e3o consistente; essa consolida\u00e7\u00e3o pode ocorrer por meio de infer\u00eancia l\u00f3gica, quando diferentes elementos se alinham de forma coerente, ou por meio de valida\u00e7\u00e3o t\u00e9cnica robusta, como nos casos em que h\u00e1 correspond\u00eancia inequ\u00edvoca entre padr\u00f5es analisados, testes laboratoriais conclusivos ou correla\u00e7\u00f5es estat\u00edsticas altamente significativas; nesse n\u00edvel, a prova atinge um grau elevado de confiabilidade, sendo capaz de sustentar decis\u00f5es judiciais com maior seguran\u00e7a.<\/p>\n<\/blockquote>\n\n\n\n<p class=\"has-medium-font-size\"><strong>Exemplo de ind\u00edcios:<\/strong><\/p>\n\n\n\n<p>Seguindo a linha de atua\u00e7\u00e3o do exemplo anterior, analisando v\u00e1rios outros <strong>vest\u00edgios <\/strong>e <strong>vest\u00edgios ativos<\/strong>, como registros de que foi aquele usu\u00e1rio invasor o respons\u00e1vel por apagar a base dados, \u00e9 poss\u00edvel determinar com certeza t\u00e9cnico-cient\u00edfica que os vest\u00edgios ali coletados tratam-se realmente de <strong>evid\u00eancias<\/strong>. Nesse momento, tendo-se nos registros os IPs (endere\u00e7os eletr\u00f4nicos) do computador do usu\u00e1rio de internet (atacantes), \u00e9 poss\u00edvel solicitar um mandado de quebra de sigilo eletr\u00f4nico contra a Operadora respons\u00e1vel por aquele IP e, identifica qual usu\u00e1rio\/cliente da Operadora utilizava aquele IP naquele per\u00edodo da invas\u00e3o. Obtendo como retorno o nome do indiv\u00edduo, \u00e9 poss\u00edvel levantar outro mandado de busca e apreens\u00e3o com quebra de sigilo e autoriza\u00e7\u00e3o de arrombamento contra o suspeito, para que <strong>Peritos Judiciais<\/strong> ou <strong>Criminais <\/strong>possam realizar per\u00edcia computacional forense em seus equipamentos inform\u00e1ticos e telem\u00e1ticos. Encontrando ind\u00edcios da invas\u00e3o em seus equipamento, \u00e9 poss\u00edvel concluir o laudo pericial devidamente fundamentado e conclusivo, para que o Juiz exarar sua senten\u00e7a.<\/p>\n\n\n\n<div style=\"height:100px\" aria-hidden=\"true\" class=\"wp-block-spacer\"><\/div>\n\n\n\n<hr class=\"wp-block-separator has-alpha-channel-opacity\"\/>\n\n\n\n<h2 class=\"wp-block-heading\">Guia de Estudo: Dados, Informa\u00e7\u00f5es e a Evolu\u00e7\u00e3o da Prova na Per\u00edcia Judicial<\/h2>\n\n\n\n<p>Este guia de estudo foi desenvolvido com base nas li\u00e7\u00f5es de <strong>Agenor Zapparoli<\/strong>, perito judicial e assistente t\u00e9cnico. O objetivo \u00e9 esclarecer as distin\u00e7\u00f5es fundamentais entre dados e informa\u00e7\u00f5es, bem como compreender a cadeia evolutiva da prova pericial: do vest\u00edgio ao ind\u00edcio.<\/p>\n\n\n\n<p>&#8212;&#8212;&#8212;&#8212;&#8212;&#8212;&#8212;&#8212;&#8212;&#8212;&#8212;&#8212;&#8212;&#8212;&#8212;&#8212;&#8212;&#8212;&#8212;&#8212;&#8212;&#8212;&#8212;&#8212;&#8212;&#8212;&#8211;<\/p>\n\n\n\n<h2 class=\"wp-block-heading\">1. Distin\u00e7\u00e3o entre Dados e Informa\u00e7\u00f5es<\/h2>\n\n\n\n<p>A compreens\u00e3o da per\u00edcia come\u00e7a com a capacidade de diferenciar o material bruto do material relevante.<\/p>\n\n\n\n<h3 class=\"wp-block-heading\">Dados (O Fato Puro)<\/h3>\n\n\n\n<ul class=\"wp-block-list\">\n<li><strong>Defini\u00e7\u00e3o:<\/strong> S\u00e3o fatos puros, brutos, espalhados em uma cena pericial ou contidos nos autos de um processo.<\/li>\n\n\n\n<li><strong>Natureza:<\/strong> O dado \u00e9 um vest\u00edgio deixado, mas que ainda n\u00e3o possui, necessariamente, utilidade para o perito.<\/li>\n\n\n\n<li><strong>O &#8220;Lixo&#8221;:<\/strong> Na coleta de dados (seja em campo ou em sistemas inform\u00e1ticos), captura-se um volume imenso de material. Aquilo que n\u00e3o serve ao prop\u00f3sito da per\u00edcia \u00e9 considerado &#8220;lixo&#8221;. Por exemplo, de 20 terabytes de dados coletados, apenas 3 megabytes podem ser \u00fateis.<\/li>\n<\/ul>\n\n\n\n<h3 class=\"wp-block-heading\">Informa\u00e7\u00f5es (O Dado Relevante)<\/h3>\n\n\n\n<ul class=\"wp-block-list\">\n<li><strong>Defini\u00e7\u00e3o:<\/strong> \u00c9 o dado que possui relev\u00e2ncia e se conecta diretamente com o tema da per\u00edcia.<\/li>\n\n\n\n<li><strong>Transforma\u00e7\u00e3o:<\/strong> O dado deixa de ser apenas um fato bruto e &#8220;al\u00e7a ao conceito de informa\u00e7\u00e3o&#8221; no momento em que o perito identifica seu nexo com o objeto de estudo.<\/li>\n\n\n\n<li><strong>Analogia do Garimpeiro:<\/strong> O perito atua como um garimpeiro. A coleta inicial traz muitas pedras (dados brutos); a sele\u00e7\u00e3o separa as pedras preciosas (informa\u00e7\u00f5es) do descarte.<\/li>\n<\/ul>\n\n\n\n<p>&#8212;&#8212;&#8212;&#8212;&#8212;&#8212;&#8212;&#8212;&#8212;&#8212;&#8212;&#8212;&#8212;&#8212;&#8212;&#8212;&#8212;&#8212;&#8212;&#8212;&#8212;&#8212;&#8212;&#8212;&#8212;&#8212;&#8211;<\/p>\n\n\n\n<h2 class=\"wp-block-heading\">2. As Tr\u00eas Fases da Metodologia Pericial<\/h2>\n\n\n\n<p>De acordo com Agenor Zapparoli, o trabalho pericial para elabora\u00e7\u00e3o do laudo divide-se em tr\u00eas etapas essenciais:<\/p>\n\n\n\n<figure class=\"wp-block-table\"><table class=\"has-fixed-layout\"><tbody><tr><td>Fase<\/td><td>Descri\u00e7\u00e3o<\/td><td>Analogia<\/td><\/tr><tr><td><strong>Coleta<\/strong><\/td><td>Captura de dados brutos e vest\u00edgios de forma abrangente (campo, autos, busca e apreens\u00e3o).<\/td><td>Dar a &#8220;m\u00e3ozada&#8221; ou &#8220;passada&#8221; para pegar as pedras aleat\u00f3rias.<\/td><\/tr><tr><td><strong>Exame<\/strong><\/td><td>Separa\u00e7\u00e3o do que \u00e9 desnecess\u00e1rio (lixo) do que \u00e9 precioso (informa\u00e7\u00e3o relevante).<\/td><td>Separar as pedras preciosas das pedras comuns.<\/td><\/tr><tr><td><strong>An\u00e1lise<\/strong><\/td><td>Processamento t\u00e9cnico do que foi selecionado para chegar a uma conclus\u00e3o l\u00f3gica.<\/td><td>Laminar as pedras para que se tornem diamantes.<\/td><\/tr><\/tbody><\/table><\/figure>\n\n\n\n<p>&#8212;&#8212;&#8212;&#8212;&#8212;&#8212;&#8212;&#8212;&#8212;&#8212;&#8212;&#8212;&#8212;&#8212;&#8212;&#8212;&#8212;&#8212;&#8212;&#8212;&#8212;&#8212;&#8212;&#8212;&#8212;&#8212;&#8211;<\/p>\n\n\n\n<h2 class=\"wp-block-heading\">3. A Evolu\u00e7\u00e3o da Prova: Vest\u00edgio, Evid\u00eancia e Ind\u00edcio<\/h2>\n\n\n\n<p>A prova pericial percorre um caminho evolutivo e l\u00f3gico. N\u00e3o s\u00e3o termos sin\u00f4nimos, mas sim est\u00e1gios de matura\u00e7\u00e3o de um fato.<\/p>\n\n\n\n<ol class=\"wp-block-list\">\n<li><strong>Vest\u00edgio (Dado Bruto):<\/strong> \u00c9 qualquer marca ou objeto encontrado na cena (ex: uma pegada). No momento da coleta, ainda n\u00e3o se sabe se \u00e9 importante. Ele \u00e9 registrado, fotografado e medido, mas permanece como um dado bruto.<\/li>\n\n\n\n<li><strong>Evid\u00eancia (Informa\u00e7\u00e3o Conectada):<\/strong> O vest\u00edgio torna-se evid\u00eancia quando se estabelece um <strong>nexo de causalidade<\/strong> com o caso.\n<ul class=\"wp-block-list\">\n<li><em>Exemplo:<\/em> Uma pegada (vest\u00edgio) que possui manchas de sangue em uma cena de crime fatal. A conex\u00e3o l\u00f3gica transforma o dado em informa\u00e7\u00e3o relevante (evid\u00eancia).<\/li>\n<\/ul>\n<\/li>\n\n\n\n<li><strong>Ind\u00edcio (A Prova Provada):<\/strong> \u00c9 o est\u00e1gio final da evolu\u00e7\u00e3o. O ind\u00edcio \u00e9 o fato provado por meio da constru\u00e7\u00e3o l\u00f3gica e de fatores confirmat\u00f3rios.\n<ul class=\"wp-block-list\">\n<li><strong>Ind\u00edcio Estat\u00edstico\/Forte:<\/strong> Quando diversos fatores apontam para um culpado (ex: o suspeito n\u00e3o tem \u00e1libi, seu GPS indica que ele estava perto do local, e ele possui antecedentes para aquele tipo de crime).<\/li>\n\n\n\n<li><strong>Ind\u00edcio Concreto:<\/strong> Quando a prova \u00e9 definitiva (ex: o DNA do sangue encontrado no sapato do suspeito coincide com o da v\u00edtima).<\/li>\n<\/ul>\n<\/li>\n<\/ol>\n\n\n\n<p>&#8212;&#8212;&#8212;&#8212;&#8212;&#8212;&#8212;&#8212;&#8212;&#8212;&#8212;&#8212;&#8212;&#8212;&#8212;&#8212;&#8212;&#8212;&#8212;&#8212;&#8212;&#8212;&#8212;&#8212;&#8212;&#8212;&#8211;<\/p>\n\n\n\n<h2 class=\"wp-block-heading\">4. Gloss\u00e1rio de Termos Periciais<\/h2>\n\n\n\n<ul class=\"wp-block-list\">\n<li><strong>\u00c1libi:<\/strong> Justificativa ou prova de que uma pessoa estava em local diverso de onde ocorreu um fato.<\/li>\n\n\n\n<li><strong>Dados Inform\u00e1ticos:<\/strong> Volume de dados digitais coletados (ex: megabytes, terabytes) que passam por filtragem forense.<\/li>\n\n\n\n<li><strong>Engenharia Reversa (no contexto de GPS):<\/strong> T\u00e9cnica para descobrir registros de localiza\u00e7\u00e3o passados em um dispositivo.<\/li>\n\n\n\n<li><strong>Lixo:<\/strong> Dados desnecess\u00e1rios ou insignificantes que s\u00e3o descartados ap\u00f3s a fase de exame.<\/li>\n\n\n\n<li><strong>Nexo de Causalidade:<\/strong> O v\u00ednculo l\u00f3gico que conecta um vest\u00edgio ao evento que est\u00e1 sendo investigado.<\/li>\n\n\n\n<li><strong>Prova Provada:<\/strong> Express\u00e3o utilizada para definir o ind\u00edcio ap\u00f3s a confirma\u00e7\u00e3o t\u00e9cnica e l\u00f3gica.<\/li>\n<\/ul>\n\n\n\n<p>&#8212;&#8212;&#8212;&#8212;&#8212;&#8212;&#8212;&#8212;&#8212;&#8212;&#8212;&#8212;&#8212;&#8212;&#8212;&#8212;&#8212;&#8212;&#8212;&#8212;&#8212;&#8212;&#8212;&#8212;&#8212;&#8212;&#8211;<\/p>\n\n\n\n<h2 class=\"wp-block-heading\">5. Quiz de Autoavalia\u00e7\u00e3o<\/h2>\n\n\n\n<p><strong>Pergunta 1: Qual a principal diferen\u00e7a entre dado e informa\u00e7\u00e3o na vis\u00e3o de Agenor Zapparoli?<\/strong> A) N\u00e3o h\u00e1 diferen\u00e7a; s\u00e3o termos intercambi\u00e1veis. B) O dado \u00e9 o fato bruto; a informa\u00e7\u00e3o \u00e9 o dado que possui relev\u00e2ncia e conex\u00e3o com o tema da per\u00edcia. C) A informa\u00e7\u00e3o \u00e9 coletada no campo, enquanto o dado \u00e9 gerado apenas no laborat\u00f3rio.<\/p>\n\n\n\n<p><strong>Pergunta 2: Na analogia do garimpeiro, o que representam as pedras descartadas?<\/strong> A) Evid\u00eancias. B) Informa\u00e7\u00f5es preciosas. C) Dados desnecess\u00e1rios ou &#8220;lixo&#8221;.<\/p>\n\n\n\n<p><strong>Pergunta 3: Qual \u00e9 a sequ\u00eancia correta da evolu\u00e7\u00e3o da prova?<\/strong> A) Ind\u00edcio -&gt; Evid\u00eancia -&gt; Vest\u00edgio. B) Vest\u00edgio -&gt; Evid\u00eancia -&gt; Ind\u00edcio. C) Dado -&gt; Ind\u00edcio -&gt; Evid\u00eancia.<\/p>\n\n\n\n<p><strong>Pergunta 4: O que transforma um vest\u00edgio em uma evid\u00eancia?<\/strong> A) Apenas o ato de fotografar o vest\u00edgio com uma r\u00e9gua. B) O nexo de causalidade (a conex\u00e3o l\u00f3gica com o fato analisado). C) A decis\u00e3o final do juiz.<\/p>\n\n\n\n<p><strong>Pergunta 5: Um &#8220;Ind\u00edcio Concreto&#8221; \u00e9 exemplificado no texto por:<\/strong> A) Uma suspeita baseada em depoimentos de vizinhos. B) A falta de \u00e1libi do r\u00e9u. C) A confirma\u00e7\u00e3o por exame de DNA unindo o objeto do suspeito \u00e0 v\u00edtima.<\/p>\n\n\n\n<p>&#8212;&#8212;&#8212;&#8212;&#8212;&#8212;&#8212;&#8212;&#8212;&#8212;&#8212;&#8212;&#8212;&#8212;&#8212;&#8212;&#8212;&#8212;&#8212;&#8212;&#8212;&#8212;&#8212;&#8212;&#8212;&#8212;&#8211;<\/p>\n\n\n\n<h2 class=\"wp-block-heading\">6. Gabarito<\/h2>\n\n\n\n<p><strong>Pergunta 5:<\/strong> C<\/p>\n\n\n\n<p><strong>Pergunta 1:<\/strong> B<\/p>\n\n\n\n<p><strong>Pergunta 2:<\/strong> C<\/p>\n\n\n\n<p><strong>Pergunta 3:<\/strong> B<\/p>\n\n\n\n<p><strong>Pergunta 4:<\/strong> B<\/p>\n\n\n\n<p><strong>Fontes:<\/strong><\/p>\n\n\n\n<p>SOARES, Juliane Ad\u00e9lia. <strong>PROCEDIMENTOS, T\u00c9CNICAS E FERRAMENTAS FORENSES<\/strong>. 1\u00ba ed. S\u00e3o Paulo: Platos Solu\u00e7\u00f5es Educacionais S. A., 2021. 44 p.<\/p>\n\n\n\n<p><\/p>\n","protected":false},"excerpt":{"rendered":"<p>Este artigo t\u00e9cnico explora as distin\u00e7\u00f5es fundamentais entre dados, informa\u00e7\u00f5es e as etapas evolutivas da prova pericial (vest\u00edgios, evid\u00eancias e ind\u00edcios), conforme apresentado no v\u00eddeo.<\/p>\n","protected":false},"author":1,"featured_media":5461,"comment_status":"open","ping_status":"open","sticky":false,"template":"","format":"standard","meta":{"om_disable_all_campaigns":false,"_monsterinsights_skip_tracking":false,"_monsterinsights_sitenote_active":false,"_monsterinsights_sitenote_note":"","_monsterinsights_sitenote_category":0,"footnotes":""},"categories":[4,5,6,39,45,46,35,43,42,63,37,9,32,34,64],"tags":[],"class_list":["post-1585","post","type-post","status-publish","format-standard","has-post-thumbnail","hentry","category-artigos","category-busca-e-apreensao","category-como-elaborar-laudo-judicial","category-dados-digitais","category-documentos","category-evidencias","category-exames-periciais","category-fotografias","category-imagens","category-indicios","category-integridade-dos-dados","category-interceptacao","category-laudo","category-provas","category-vestigios"],"aioseo_notices":[],"_links":{"self":[{"href":"https:\/\/periciajudicial.zsistemas.com.br\/index.php\/wp-json\/wp\/v2\/posts\/1585","targetHints":{"allow":["GET"]}}],"collection":[{"href":"https:\/\/periciajudicial.zsistemas.com.br\/index.php\/wp-json\/wp\/v2\/posts"}],"about":[{"href":"https:\/\/periciajudicial.zsistemas.com.br\/index.php\/wp-json\/wp\/v2\/types\/post"}],"author":[{"embeddable":true,"href":"https:\/\/periciajudicial.zsistemas.com.br\/index.php\/wp-json\/wp\/v2\/users\/1"}],"replies":[{"embeddable":true,"href":"https:\/\/periciajudicial.zsistemas.com.br\/index.php\/wp-json\/wp\/v2\/comments?post=1585"}],"version-history":[{"count":11,"href":"https:\/\/periciajudicial.zsistemas.com.br\/index.php\/wp-json\/wp\/v2\/posts\/1585\/revisions"}],"predecessor-version":[{"id":5465,"href":"https:\/\/periciajudicial.zsistemas.com.br\/index.php\/wp-json\/wp\/v2\/posts\/1585\/revisions\/5465"}],"wp:featuredmedia":[{"embeddable":true,"href":"https:\/\/periciajudicial.zsistemas.com.br\/index.php\/wp-json\/wp\/v2\/media\/5461"}],"wp:attachment":[{"href":"https:\/\/periciajudicial.zsistemas.com.br\/index.php\/wp-json\/wp\/v2\/media?parent=1585"}],"wp:term":[{"taxonomy":"category","embeddable":true,"href":"https:\/\/periciajudicial.zsistemas.com.br\/index.php\/wp-json\/wp\/v2\/categories?post=1585"},{"taxonomy":"post_tag","embeddable":true,"href":"https:\/\/periciajudicial.zsistemas.com.br\/index.php\/wp-json\/wp\/v2\/tags?post=1585"}],"curies":[{"name":"wp","href":"https:\/\/api.w.org\/{rel}","templated":true}]}}