{"id":2694,"date":"2024-01-10T23:11:33","date_gmt":"2024-01-11T02:11:33","guid":{"rendered":"http:\/\/periciajudicial.zsistemas.com.br\/?p=2694"},"modified":"2024-01-10T23:11:35","modified_gmt":"2024-01-11T02:11:35","slug":"no-ultimo-minuto-dos-2-tempo-apareceu-um-recall-com-risco-de-incendio","status":"publish","type":"post","link":"https:\/\/periciajudicial.zsistemas.com.br\/index.php\/2024\/01\/10\/no-ultimo-minuto-dos-2-tempo-apareceu-um-recall-com-risco-de-incendio\/","title":{"rendered":"No \u00faltimo minuto dos 2 tempo apareceu um recall com risco de inc\u00eandio."},"content":{"rendered":"\n<figure class=\"wp-block-embed-youtube wp-block-embed is-type-video is-provider-youtube wp-embed-aspect-16-9 wp-has-aspect-ratio\"><div class=\"wp-block-embed__wrapper\">\n<iframe loading=\"lazy\" title=\"No \u00faltimo minuto dos 2 tempo apareceu um recall com risco de inc\u00eandio.\" width=\"910\" height=\"512\" src=\"https:\/\/www.youtube.com\/embed\/5WfzZB4XQTY?feature=oembed\" frameborder=\"0\" allow=\"accelerometer; autoplay; clipboard-write; encrypted-media; gyroscope; picture-in-picture; web-share\" allowfullscreen><\/iframe>\n<\/div><\/figure>\n\n\n\n<h1 class=\"wp-block-heading\">O Retorno de uma Experi\u00eancia de Per\u00edcia Veicular<\/h1>\n\n\n\n<h2 class=\"wp-block-heading\">Introdu\u00e7\u00e3o<\/h2>\n\n\n\n<p>Ol\u00e1, peritos! Meu nome \u00e9 <a href=\"https:\/\/agenorzapparoli.com.br\/\" target=\"_blank\" rel=\"noreferrer noopener\" aria-label=\"Agenor Zapparoli (opens in a new tab)\">Agenor Zapparoli<\/a> e trabalho como perito judicial e assistente t\u00e9cnico nas horas vagas. O tema de hoje \u00e9 o retorno de uma das minhas experi\u00eancias. Voc\u00eas lembram de um caso em que realizei uma per\u00edcia na cidade de Tuver, S\u00e3o Paulo, envolvendo um inc\u00eandio em um ve\u00edculo?<\/p>\n\n\n\n<p>Em 2013, um ve\u00edculo foi incendiado e eu tive acesso apenas a algumas fotografias e um laudo particular. No entanto, as fotografias estavam em \u00f3tima qualidade, o que me permitiu realizar uma an\u00e1lise detalhada. Utilizei a metodologia de an\u00e1lise de inc\u00eandio veicular do Corpo de Bombeiros de Santa Catarina, a metodologia de investiga\u00e7\u00e3o de inc\u00eandio Residencial do Corpo de Bombeiros do Distrito Federal e a metodologia de Minas Gerais. A partir dessas informa\u00e7\u00f5es, comecei a elaborar o laudo.<\/p>\n\n\n\n<p>Devido \u00e0 antiguidade do processo, o juiz solicitou que desse prioridade para um andamento r\u00e1pido. A fase probat\u00f3ria estava prestes a expirar e o processo poderia ser arquivado sem resolu\u00e7\u00e3o do m\u00e9rito. Portanto, eu acelerei o processo de elabora\u00e7\u00e3o do laudo.<\/p>\n\n\n\n<h2 class=\"wp-block-heading\">A Elabora\u00e7\u00e3o do Laudo<\/h2>\n\n\n\n<p>Como n\u00e3o foi poss\u00edvel realizar uma per\u00edcia de campo, fiz uma per\u00edcia remota. Criei um grupo de WhatsApp com todos os envolvidos e tirei algumas d\u00favidas utilizando meu roteiro de per\u00edcia. No entanto, apenas a parte requerente (seguradora) compareceu \u00e0 oitiva, enquanto a parte requerida (f\u00e1brica) n\u00e3o apareceu.<\/p>\n\n\n\n<p>O segurado foi indenizado pela seguradora, mas a ocorr\u00eancia de um inc\u00eandio em um ve\u00edculo novo gerou questionamentos. O autor indica que o inc\u00eandio ocorreu enquanto ele trafegava pr\u00f3ximo a Ituverava, S\u00e3o Paulo. Ele percebeu fuma\u00e7a na frente do ve\u00edculo, parou no acostamento e o ve\u00edculo come\u00e7ou a incendiar. Ele caminhou cerca de 1 km at\u00e9 um posto da Pol\u00edcia Rodovi\u00e1ria Federal para solicitar ajuda. A pol\u00edcia acionou o corpo de bombeiros, que apagou o inc\u00eandio e controlou a situa\u00e7\u00e3o. No entanto, n\u00e3o foi feito um laudo de inc\u00eandio que poderia identificar a causa real do incidente.<\/p>\n\n\n\n<p>A seguradora, posteriormente, fez uma an\u00e1lise e elaborou um laudo interno, mas n\u00e3o utilizou uma metodologia reconhecida. Portanto, esse laudo n\u00e3o \u00e9 considerado v\u00e1lido em termos cient\u00edficos. Por outro lado, eu utilizei as fotografias dispon\u00edveis para elaborar meu laudo, seguindo as metodologias mencionadas anteriormente.<\/p>\n\n\n\n<p>Quando eu estava prestes a concluir o laudo, o juiz decidiu encerrar a fase probat\u00f3ria. Fui pego de surpresa e tive que interromper a elabora\u00e7\u00e3o do laudo. Enviei uma peti\u00e7\u00e3o ao juiz explicando a situa\u00e7\u00e3o e aguardando novas instru\u00e7\u00f5es.<\/p>\n\n\n\n<p>Ap\u00f3s um m\u00eas, o juiz reconsiderou a sua decis\u00e3o, entendendo que o encerramento da fase probat\u00f3ria violaria o direito de ampla defesa e contradit\u00f3rio das partes envolvidas. Ele me intimou a apresentar o laudo e assim o fiz em poucos dias.<\/p>\n\n\n\n<h2 class=\"wp-block-heading\">A Descoberta de um Recall<\/h2>\n\n\n\n<p>Entre esses intervalos, foi identificado um recall nos Estados Unidos para o mesmo ve\u00edculo, envolvendo a substitui\u00e7\u00e3o de uma pe\u00e7a que poderia causar inc\u00eandio. Fiquei surpreso com essa coincid\u00eancia. No Brasil, no mesmo dia, foram identificados recalls de outros modelos da mesma marca, tamb\u00e9m por riscos de inc\u00eandio, mas com problemas em pe\u00e7as diferentes.<\/p>\n\n\n\n<p>Isso nos mostra a import\u00e2ncia de uma investiga\u00e7\u00e3o mais aprofundada, j\u00e1 que h\u00e1 uma ampla gama de modelos e anos que foram afetados por pe\u00e7as que apresentam risco de inc\u00eandio. Por enquanto, o meu laudo est\u00e1 dispon\u00edvel na internet. A transcri\u00e7\u00e3o do laudo pode ser encontrada <a href=\"#\">aqui<\/a>.<\/p>\n\n\n\n<h2 class=\"wp-block-heading\">Conclus\u00e3o<\/h2>\n\n\n\n<p>Em resumo, o processo de elabora\u00e7\u00e3o do laudo pericial foi interrompido devido ao encerramento precoce da fase probat\u00f3ria. No entanto, ap\u00f3s reconsidera\u00e7\u00e3o do juiz, pude concluir o laudo e apresent\u00e1-lo. Durante a elabora\u00e7\u00e3o do laudo, foi descoberto um recall nos Estados Unidos envolvendo o mesmo ve\u00edculo e, posteriormente, recalls no Brasil de outros modelos da mesma marca.<\/p>\n\n\n\n<p>\u00c9 fundamental que a f\u00e1brica investigue a fundo esses problemas de risco de inc\u00eandio e tome as medidas necess\u00e1rias para garantir a seguran\u00e7a dos usu\u00e1rios. Esperamos que o Minist\u00e9rio P\u00fablico tamb\u00e9m se envolva nessa quest\u00e3o e tome medidas adequadas.<\/p>\n\n\n\n<p>Muito obrigado por acompanhar este artigo! Se voc\u00ea est\u00e1 interessado em se tornar perito ou j\u00e1 \u00e9 um perito e deseja discutir quest\u00f5es relacionadas, convido-o a participar do nosso grupo de WhatsApp. Juntos, podemos evoluir nossa \u00e1rea atrav\u00e9s de discuss\u00f5es positivas e construtivas. O link para o grupo pode ser encontrado <a href=\"#\">aqui<\/a>. At\u00e9 a pr\u00f3xima!<\/p>\n\n\n\n<p>Made with <a href=\"https:\/\/www.videoToBlog.ai\">VideoToBlog<\/a><\/p>\n\n\n\n<h2 class=\"wp-block-heading\">Links importantes<\/h2>\n\n\n\n<h2 class=\"wp-block-heading\">LINKS IMPORTANTES<\/h2>\n\n\n\n<div class=\"wp-block-media-text is-stacked-on-mobile\" style=\"grid-template-columns:16% auto\"><figure class=\"wp-block-media-text__media\"><img loading=\"lazy\" decoding=\"async\" width=\"600\" height=\"600\" src=\"http:\/\/periciajudicial.zsistemas.com.br\/wp-content\/uploads\/2025\/04\/Produto-600x600-1.jpg\" alt=\"\" class=\"wp-image-4076 size-full\" srcset=\"https:\/\/periciajudicial.zsistemas.com.br\/wp-content\/uploads\/2025\/04\/Produto-600x600-1.jpg 600w, https:\/\/periciajudicial.zsistemas.com.br\/wp-content\/uploads\/2025\/04\/Produto-600x600-1-300x300.jpg 300w, https:\/\/periciajudicial.zsistemas.com.br\/wp-content\/uploads\/2025\/04\/Produto-600x600-1-150x150.jpg 150w\" sizes=\"auto, (max-width: 600px) 100vw, 600px\" \/><\/figure><div class=\"wp-block-media-text__content\">\n<p>Nosso curso: <a href=\"https:\/\/fala.host\/curso\" target=\"_blank\" rel=\"noopener\" title=\"\">https:\/\/fala.host\/curso<br><\/a>Nosso canal: <a href=\"https:\/\/www.youtube.com\/@PericiaJudicial\" target=\"_blank\" rel=\"noreferrer noopener\">https:\/\/www.youtube.com\/@PericiaJudicial<\/a><br>Nossos grupos: <a href=\"https:\/\/fala.host\/grupos\">https:\/\/fala.host\/grupos<\/a><br>Laudos e artigos: <a href=\"https:\/\/periciajudicial.zsistemas.com.br\/\">https:\/\/periciajudicial.zsistemas.com.br <\/a><br>Cart\u00e3o de visitas: <a href=\"https:\/\/fala.host\/C\/Perito\">https:\/\/fala.host\/C\/Perito<\/a><\/p>\n<\/div><\/div>\n\n\n\n<p>Calculadora de honor\u00e1rios online: <a aria-label=\"https:\/\/fala.host\/calculadoradehonorarios (opens in a new tab)\" href=\"https:\/\/fala.host\/calculadoradehonorarios\" target=\"_blank\" rel=\"noreferrer noopener\">https:\/\/fala.host\/calculadoradehonorarios<\/a><br>Cadastre-se em nosso Banco de Peritos: <br><a href=\"https:\/\/fala.host\/bancodeperitos\">https:\/\/fala.host\/bancodeperitos<\/a><br>Quem indica: <a aria-label=\"https:\/\/fala.host\/quemindica (opens in a new tab)\" href=\"https:\/\/fala.host\/quemindica\" target=\"_blank\" rel=\"noreferrer noopener\">https:\/\/fala.host\/quemindica<\/a><br>5 Passos de como se tornar um Perito Judicial: <a href=\"https:\/\/periciajudicial.zsistemas.com.br\/index.php\/2023\/09\/27\/5-cinco-passos-para-se-tornar-um-perito-judicial\">https:\/\/periciajudicial.zsistemas.com.br\/index.php\/2023\/09\/27\/5-cinco-passos-para-se-tornar-um-perito-judicial<\/a><br>Crie o seu cart\u00e3o de visitas virtual gr\u00e1tis: <br><a href=\"https:\/\/fala.host\/cartao\">https:\/\/fala.host\/cartao<\/a><br>#periciajudicial #periciaextrajudicial #pericia #peritos #objetopericial #investiga\u00e7\u00e3o #assistentet\u00e9cnico #CREA #NBR #abnt #engenharia #engenheiro<\/p>\n","protected":false},"excerpt":{"rendered":"<p>O Retorno de uma Experi\u00eancia de Per\u00edcia Veicular Introdu\u00e7\u00e3o Ol\u00e1, peritos! Meu nome \u00e9 Agenor Zapparoli e trabalho como perito judicial e assistente t\u00e9cnico nas<\/p>\n","protected":false},"author":1,"featured_media":2695,"comment_status":"open","ping_status":"open","sticky":false,"template":"","format":"standard","meta":{"om_disable_all_campaigns":false,"_monsterinsights_skip_tracking":false,"_monsterinsights_sitenote_active":false,"_monsterinsights_sitenote_note":"","_monsterinsights_sitenote_category":0,"footnotes":""},"categories":[1],"tags":[],"class_list":["post-2694","post","type-post","status-publish","format-standard","has-post-thumbnail","hentry","category-cursodepericia"],"aioseo_notices":[],"_links":{"self":[{"href":"https:\/\/periciajudicial.zsistemas.com.br\/index.php\/wp-json\/wp\/v2\/posts\/2694","targetHints":{"allow":["GET"]}}],"collection":[{"href":"https:\/\/periciajudicial.zsistemas.com.br\/index.php\/wp-json\/wp\/v2\/posts"}],"about":[{"href":"https:\/\/periciajudicial.zsistemas.com.br\/index.php\/wp-json\/wp\/v2\/types\/post"}],"author":[{"embeddable":true,"href":"https:\/\/periciajudicial.zsistemas.com.br\/index.php\/wp-json\/wp\/v2\/users\/1"}],"replies":[{"embeddable":true,"href":"https:\/\/periciajudicial.zsistemas.com.br\/index.php\/wp-json\/wp\/v2\/comments?post=2694"}],"version-history":[{"count":1,"href":"https:\/\/periciajudicial.zsistemas.com.br\/index.php\/wp-json\/wp\/v2\/posts\/2694\/revisions"}],"predecessor-version":[{"id":2696,"href":"https:\/\/periciajudicial.zsistemas.com.br\/index.php\/wp-json\/wp\/v2\/posts\/2694\/revisions\/2696"}],"wp:featuredmedia":[{"embeddable":true,"href":"https:\/\/periciajudicial.zsistemas.com.br\/index.php\/wp-json\/wp\/v2\/media\/2695"}],"wp:attachment":[{"href":"https:\/\/periciajudicial.zsistemas.com.br\/index.php\/wp-json\/wp\/v2\/media?parent=2694"}],"wp:term":[{"taxonomy":"category","embeddable":true,"href":"https:\/\/periciajudicial.zsistemas.com.br\/index.php\/wp-json\/wp\/v2\/categories?post=2694"},{"taxonomy":"post_tag","embeddable":true,"href":"https:\/\/periciajudicial.zsistemas.com.br\/index.php\/wp-json\/wp\/v2\/tags?post=2694"}],"curies":[{"name":"wp","href":"https:\/\/api.w.org\/{rel}","templated":true}]}}