{"id":2709,"date":"2024-01-14T00:41:06","date_gmt":"2024-01-14T03:41:06","guid":{"rendered":"http:\/\/periciajudicial.zsistemas.com.br\/?p=2709"},"modified":"2024-01-14T00:43:53","modified_gmt":"2024-01-14T03:43:53","slug":"objeto-pericial-nao-existia-mais-a-concessionaria-substituiu-o-medidor-de-energia-e-agora","status":"publish","type":"post","link":"https:\/\/periciajudicial.zsistemas.com.br\/index.php\/2024\/01\/14\/objeto-pericial-nao-existia-mais-a-concessionaria-substituiu-o-medidor-de-energia-e-agora\/","title":{"rendered":"OBJETO PERICIAL n\u00e3o existia mais. A concession\u00e1ria substituiu o medidor de energia, e agora?"},"content":{"rendered":"\n<figure class=\"wp-block-embed-youtube wp-block-embed is-type-video is-provider-youtube wp-embed-aspect-16-9 wp-has-aspect-ratio\"><div class=\"wp-block-embed__wrapper\">\n<iframe loading=\"lazy\" title=\"OBJETO PERICIAL n\u00e3o existia mais. A concession\u00e1ria substituiu o medidor de energia, e agora?\" width=\"910\" height=\"512\" src=\"https:\/\/www.youtube.com\/embed\/HidQuduDnEw?feature=oembed\" frameborder=\"0\" allow=\"accelerometer; autoplay; clipboard-write; encrypted-media; gyroscope; picture-in-picture; web-share\" allowfullscreen><\/iframe>\n<\/div><\/figure>\n\n\n\n<h1 class=\"wp-block-heading\">Fui Realizar uma Per\u00edcia e o Objeto Pericial N\u00e3o Estava Mais L\u00e1<\/h1>\n\n\n\n<h2 class=\"wp-block-heading\">Introdu\u00e7\u00e3o<\/h2>\n\n\n\n<p>Ol\u00e1, meu nome \u00e9 <a href=\"https:\/\/agenorzapparoli.com.br\/\" target=\"_blank\" rel=\"noreferrer noopener\" aria-label=\"Agenor Zapparoli (opens in a new tab)\">Agenor Zapparoli<\/a> e eu trabalho como perito judicial e assistente t\u00e9cnico nas horas vagas. No v\u00eddeo de hoje, vamos abordar a situa\u00e7\u00e3o em que fui realizar uma per\u00edcia e o objeto pericial havia sido removido do local que esper\u00e1vamos que ele estivesse. Ou seja, a concession\u00e1ria tirou o medidor de energia e quando cheguei l\u00e1, era outro medidor. O objeto pericial n\u00e3o est\u00e1 mais l\u00e1, e agora? Nesse v\u00eddeo, vou explicar como lidar com uma situa\u00e7\u00e3o como essa.<\/p>\n\n\n\n<h2 class=\"wp-block-heading\">Procedimentos em Caso de Perda do Objeto Pericial<\/h2>\n\n\n\n<p>Diante de uma situa\u00e7\u00e3o em que o objeto da per\u00edcia n\u00e3o est\u00e1 mais dispon\u00edvel, \u00e9 importante n\u00e3o tomar medidas precipitadas e utilizar metodologias cient\u00edficas e t\u00e9cnicas para realizar uma an\u00e1lise indireta. Uma das op\u00e7\u00f5es \u00e9 realizar um levantamento de carga no im\u00f3vel do cliente. Com base nesse levantamento, \u00e9 poss\u00edvel estimar o consumo de energia do im\u00f3vel e verificar se est\u00e1 condizente com o valor da fatura.<\/p>\n\n\n\n<h2 class=\"wp-block-heading\">Levantamento de Carga<\/h2>\n\n\n\n<p>O levantamento de carga consiste na an\u00e1lise dos equipamentos e dispositivos el\u00e9tricos presentes no im\u00f3vel do cliente. \u00c9 importante fazer um registro detalhado de todos os equipamentos e verificar sua utiliza\u00e7\u00e3o. Alguns equipamentos podem estar parados ou subutilizados, o que influencia no consumo de energia. Por exemplo, um motor gerador de grande porte que n\u00e3o \u00e9 utilizado frequentemente pode aumentar o consumo energ\u00e9tico do im\u00f3vel.<\/p>\n\n\n\n<p>Com base na m\u00e9dia nacional de utiliza\u00e7\u00e3o de cada equipamento el\u00e9trico, \u00e9 poss\u00edvel fazer uma estimativa do consumo total do im\u00f3vel. Esse levantamento leva em considera\u00e7\u00e3o fatores como a pot\u00eancia dos equipamentos, a quantidade de horas de utiliza\u00e7\u00e3o di\u00e1ria e a m\u00e9dia de consumo por aparelho.<\/p>\n\n\n\n<h2 class=\"wp-block-heading\">Per\u00edcia Indireta<\/h2>\n\n\n\n<p>A per\u00edcia indireta, baseada no levantamento de carga, pode fornecer ind\u00edcios de que o consumo de energia est\u00e1 condizente com o valor da fatura. No caso apresentado no v\u00eddeo, o perito Adelson realizou esse levantamento e constatou que o consumo reclamado pelo cliente estava condizente com o levantamento de carga realizado. Isso indica que o medidor de energia estava em perfeitas condi\u00e7\u00f5es e que a reclama\u00e7\u00e3o do cliente era indevida.<\/p>\n\n\n\n<p>\u00c9 importante ressaltar que a aceita\u00e7\u00e3o da per\u00edcia indireta pelo juiz depende da capacidade do perito em realizar o levantamento de carga de forma precisa e considerando a m\u00e9dia nacional de utiliza\u00e7\u00e3o dos equipamentos. Quanto maior o espectro amostral, mais preciso ser\u00e1 o resultado da pesquisa.<\/p>\n\n\n\n<h2 class=\"wp-block-heading\">Poss\u00edveis Causas do Aumento no Consumo de Energia<\/h2>\n\n\n\n<p>Al\u00e9m disso, \u00e9 necess\u00e1rio considerar outros fatores que podem contribuir para o aumento no consumo de energia. Um deles \u00e9 o aumento constante no valor da energia el\u00e9trica, como observado nos \u00faltimos meses. Outro fator \u00e9 a falta de manuten\u00e7\u00e3o na estrutura el\u00e9trica do im\u00f3vel ao longo dos anos. Com o tempo, a fia\u00e7\u00e3o pode perder sua condutividade e gerar consumo excessivo de energia devido a mau contato, ferrugem e oxida\u00e7\u00e3o.<\/p>\n\n\n\n<h2 class=\"wp-block-heading\">Conclus\u00e3o<\/h2>\n\n\n\n<p>Neste v\u00eddeo, abordamos a situa\u00e7\u00e3o em que o objeto pericial n\u00e3o estava mais dispon\u00edvel no local esperado. Apresentamos o levantamento de carga como uma alternativa para realizar uma per\u00edcia indireta e verificar se o consumo de energia est\u00e1 condizente com o valor da fatura. Ressaltamos a import\u00e2ncia de realizar manuten\u00e7\u00f5es peri\u00f3dicas na estrutura el\u00e9trica do im\u00f3vel para evitar problemas de consumo excessivo de energia.<\/p>\n\n\n\n<p>Espero que este conte\u00fado tenha sido \u00fatil para voc\u00ea. Lembre-se de deixar seu like, se inscrever no canal, compartilhar nas redes sociais e comentar suas d\u00favidas e opini\u00f5es. Caso voc\u00ea seja um perito ou tenha interesse em discutir sobre o assunto, convido voc\u00ea a participar do nosso grupo no WhatsApp e Telegram. Clique no seguinte link para acessar o grupo: [link do grupo].<\/p>\n\n\n\n<p>Grande abra\u00e7o e at\u00e9 a pr\u00f3xima!<\/p>\n\n\n\n<p>Made with <a href=\"https:\/\/www.videoToBlog.ai\">VideoToBlog<\/a><\/p>\n\n\n\n<h2 class=\"wp-block-heading\">Links importantes<\/h2>\n\n\n\n<h2 class=\"wp-block-heading\">LINKS IMPORTANTES<\/h2>\n\n\n\n<div class=\"wp-block-media-text is-stacked-on-mobile\" style=\"grid-template-columns:16% auto\"><figure class=\"wp-block-media-text__media\"><img loading=\"lazy\" decoding=\"async\" width=\"600\" height=\"600\" src=\"http:\/\/periciajudicial.zsistemas.com.br\/wp-content\/uploads\/2025\/04\/Produto-600x600-1.jpg\" alt=\"\" class=\"wp-image-4076 size-full\" srcset=\"https:\/\/periciajudicial.zsistemas.com.br\/wp-content\/uploads\/2025\/04\/Produto-600x600-1.jpg 600w, https:\/\/periciajudicial.zsistemas.com.br\/wp-content\/uploads\/2025\/04\/Produto-600x600-1-300x300.jpg 300w, https:\/\/periciajudicial.zsistemas.com.br\/wp-content\/uploads\/2025\/04\/Produto-600x600-1-150x150.jpg 150w\" sizes=\"auto, (max-width: 600px) 100vw, 600px\" \/><\/figure><div class=\"wp-block-media-text__content\">\n<p>Nosso curso: <a href=\"https:\/\/fala.host\/curso\" target=\"_blank\" rel=\"noopener\" title=\"\">https:\/\/fala.host\/curso<br><\/a>Nosso canal: <a href=\"https:\/\/www.youtube.com\/@PericiaJudicial\" target=\"_blank\" rel=\"noreferrer noopener\">https:\/\/www.youtube.com\/@PericiaJudicial<\/a><br>Nossos grupos: <a href=\"https:\/\/fala.host\/grupos\">https:\/\/fala.host\/grupos<\/a><br>Laudos e artigos: <a href=\"https:\/\/periciajudicial.zsistemas.com.br\/\">https:\/\/periciajudicial.zsistemas.com.br <\/a><br>Cart\u00e3o de visitas: <a href=\"https:\/\/fala.host\/C\/Perito\">https:\/\/fala.host\/C\/Perito<\/a><\/p>\n<\/div><\/div>\n\n\n\n<p>Calculadora de honor\u00e1rios online: <a aria-label=\"https:\/\/fala.host\/calculadoradehonorarios (opens in a new tab)\" href=\"https:\/\/fala.host\/calculadoradehonorarios\" target=\"_blank\" rel=\"noreferrer noopener\">https:\/\/fala.host\/calculadoradehonorarios<\/a><br>Cadastre-se em nosso Banco de Peritos: <br><a href=\"https:\/\/fala.host\/bancodeperitos\">https:\/\/fala.host\/bancodeperitos<\/a><br>Quem indica: <a aria-label=\"https:\/\/fala.host\/quemindica (opens in a new tab)\" href=\"https:\/\/fala.host\/quemindica\" target=\"_blank\" rel=\"noreferrer noopener\">https:\/\/fala.host\/quemindica<\/a><br>5 Passos de como se tornar um Perito Judicial: <a href=\"https:\/\/periciajudicial.zsistemas.com.br\/index.php\/2023\/09\/27\/5-cinco-passos-para-se-tornar-um-perito-judicial\">https:\/\/periciajudicial.zsistemas.com.br\/index.php\/2023\/09\/27\/5-cinco-passos-para-se-tornar-um-perito-judicial<\/a><br>Crie o seu cart\u00e3o de visitas virtual gr\u00e1tis: <br><a href=\"https:\/\/fala.host\/cartao\">https:\/\/fala.host\/cartao<\/a><br>#periciajudicial #periciaextrajudicial #pericia #peritos #objetopericial #investiga\u00e7\u00e3o #assistentet\u00e9cnico #CREA #NBR #abnt #engenharia #engenheiro<\/p>\n","protected":false},"excerpt":{"rendered":"<p>Fui Realizar uma Per\u00edcia e o Objeto Pericial N\u00e3o Estava Mais L\u00e1 Introdu\u00e7\u00e3o Ol\u00e1, meu nome \u00e9 Agenor Zapparoli e eu trabalho como perito judicial<\/p>\n","protected":false},"author":1,"featured_media":2712,"comment_status":"open","ping_status":"open","sticky":false,"template":"","format":"standard","meta":{"om_disable_all_campaigns":false,"_monsterinsights_skip_tracking":false,"_monsterinsights_sitenote_active":false,"_monsterinsights_sitenote_note":"","_monsterinsights_sitenote_category":0,"footnotes":""},"categories":[1],"tags":[],"class_list":["post-2709","post","type-post","status-publish","format-standard","has-post-thumbnail","hentry","category-cursodepericia"],"aioseo_notices":[],"_links":{"self":[{"href":"https:\/\/periciajudicial.zsistemas.com.br\/index.php\/wp-json\/wp\/v2\/posts\/2709","targetHints":{"allow":["GET"]}}],"collection":[{"href":"https:\/\/periciajudicial.zsistemas.com.br\/index.php\/wp-json\/wp\/v2\/posts"}],"about":[{"href":"https:\/\/periciajudicial.zsistemas.com.br\/index.php\/wp-json\/wp\/v2\/types\/post"}],"author":[{"embeddable":true,"href":"https:\/\/periciajudicial.zsistemas.com.br\/index.php\/wp-json\/wp\/v2\/users\/1"}],"replies":[{"embeddable":true,"href":"https:\/\/periciajudicial.zsistemas.com.br\/index.php\/wp-json\/wp\/v2\/comments?post=2709"}],"version-history":[{"count":1,"href":"https:\/\/periciajudicial.zsistemas.com.br\/index.php\/wp-json\/wp\/v2\/posts\/2709\/revisions"}],"predecessor-version":[{"id":2711,"href":"https:\/\/periciajudicial.zsistemas.com.br\/index.php\/wp-json\/wp\/v2\/posts\/2709\/revisions\/2711"}],"wp:featuredmedia":[{"embeddable":true,"href":"https:\/\/periciajudicial.zsistemas.com.br\/index.php\/wp-json\/wp\/v2\/media\/2712"}],"wp:attachment":[{"href":"https:\/\/periciajudicial.zsistemas.com.br\/index.php\/wp-json\/wp\/v2\/media?parent=2709"}],"wp:term":[{"taxonomy":"category","embeddable":true,"href":"https:\/\/periciajudicial.zsistemas.com.br\/index.php\/wp-json\/wp\/v2\/categories?post=2709"},{"taxonomy":"post_tag","embeddable":true,"href":"https:\/\/periciajudicial.zsistemas.com.br\/index.php\/wp-json\/wp\/v2\/tags?post=2709"}],"curies":[{"name":"wp","href":"https:\/\/api.w.org\/{rel}","templated":true}]}}