{"id":4822,"date":"2025-12-11T10:41:25","date_gmt":"2025-12-11T13:41:25","guid":{"rendered":"https:\/\/periciajudicial.zsistemas.com.br\/?p=4822"},"modified":"2025-12-11T10:41:25","modified_gmt":"2025-12-11T13:41:25","slug":"verifique-o-seu-cadastro-no-banco-de-peritos-do-tribunal-voce-pode-estar-desativado","status":"publish","type":"post","link":"https:\/\/periciajudicial.zsistemas.com.br\/index.php\/2025\/12\/11\/verifique-o-seu-cadastro-no-banco-de-peritos-do-tribunal-voce-pode-estar-desativado\/","title":{"rendered":"Verifique o seu cadastro no banco de Peritos do Tribunal, voc\u00ea pode estar desativado."},"content":{"rendered":"\n<figure class=\"wp-block-embed is-type-video is-provider-youtube wp-block-embed-youtube wp-embed-aspect-16-9 wp-has-aspect-ratio\"><div class=\"wp-block-embed__wrapper\">\n<iframe loading=\"lazy\" title=\"Verifique o seu cadastro no banco de Peritos do Tribunal, voc\u00ea pode estar desativado.\" width=\"910\" height=\"512\" src=\"https:\/\/www.youtube.com\/embed\/8RhRjWvjzBs?feature=oembed\" frameborder=\"0\" allow=\"accelerometer; autoplay; clipboard-write; encrypted-media; gyroscope; picture-in-picture; web-share\" referrerpolicy=\"strict-origin-when-cross-origin\" allowfullscreen><\/iframe>\n<\/div><\/figure>\n\n\n\n<h1 class=\"wp-block-heading\"><strong>A Imperatividade da Regularidade Cadastral dos Peritos Judiciais: Impactos Processuais, Riscos de Destitui\u00e7\u00e3o e Repercuss\u00f5es no Sistema de Nomea\u00e7\u00f5es<\/strong><\/h1>\n\n\n\n<h3 class=\"wp-block-heading\"><strong>INTRODU\u00c7\u00c3O<\/strong><\/h3>\n\n\n\n<p>A atividade pericial, enquanto fun\u00e7\u00e3o auxiliar do Poder Judici\u00e1rio, exige n\u00e3o apenas dom\u00ednio t\u00e9cnico, mas tamb\u00e9m estrita observ\u00e2ncia a requisitos administrativos que condicionam a validade da nomea\u00e7\u00e3o e a continuidade do encargo. Entre esses requisitos, destaca-se a obrigatoriedade de manuten\u00e7\u00e3o ativa do cadastro do perito nos bancos de dados oficiais dos tribunais, elemento que, embora de natureza administrativa, possui repercuss\u00e3o direta sobre a efic\u00e1cia processual da per\u00edcia.<\/p>\n\n\n\n<p>O presente artigo analisa, sob perspectiva t\u00e9cnico-jur\u00eddica e \u00e0 luz de caso concreto amplamente discutido em meio pericial, os impactos da desativa\u00e7\u00e3o cadastral na atua\u00e7\u00e3o do perito judicial, bem como as consequ\u00eancias processuais que podem culminar na destitui\u00e7\u00e3o do m\u00fanus, mesmo ap\u00f3s nomea\u00e7\u00e3o v\u00e1lida, manifesta\u00e7\u00e3o t\u00e9cnica e apresenta\u00e7\u00e3o de proposta de honor\u00e1rios. A partir dessa reflex\u00e3o, examina-se o dever de dilig\u00eancia administrativa do perito, os riscos inerentes \u00e0 inobserv\u00e2ncia desse dever e as melhores pr\u00e1ticas recomendadas para assegurar regularidade, continuidade e seguran\u00e7a jur\u00eddica ao exerc\u00edcio pericial.<\/p>\n\n\n\n<hr class=\"wp-block-separator has-alpha-channel-opacity\"\/>\n\n\n\n<h3 class=\"wp-block-heading\"><strong>RESUMO<\/strong><\/h3>\n\n\n\n<p>O artigo aborda a imperatividade da regularidade cadastral dos peritos judiciais nos bancos de dados oficiais dos tribunais, destacando que a inatividade do cadastro pode motivar a destitui\u00e7\u00e3o do profissional, ainda que este j\u00e1 tenha sido nomeado e apresentado proposta de honor\u00e1rios. A an\u00e1lise decorre de caso concreto em que a desativa\u00e7\u00e3o cadastral \u2014 existente h\u00e1 cerca de um ano \u2014 constituiu fundamento central para a substitui\u00e7\u00e3o do perito. Discute-se a necessidade de verifica\u00e7\u00e3o peri\u00f3dica do cadastro, recomendada semanal ou mensalmente, como meio de prevenir interrup\u00e7\u00f5es nas nomea\u00e7\u00f5es e evitar preju\u00edzos \u00e0 reputa\u00e7\u00e3o profissional. O texto conclui ressaltando que a manuten\u00e7\u00e3o do cadastro ativo \u00e9 um requisito administrativo essencial para a efic\u00e1cia da atua\u00e7\u00e3o pericial, n\u00e3o podendo ser tratada como mera formalidade, e sugere pr\u00e1ticas adicionais de fortalecimento profissional, como cadastramento em bancos privados e estrat\u00e9gias de presen\u00e7a digital.<\/p>\n\n\n\n<h2 class=\"wp-block-heading\"><strong>1. Premissa F\u00e1tica e Escopo Anal\u00edtico<\/strong><\/h2>\n\n\n\n<p>O presente artigo se debru\u00e7a sobre a relev\u00e2ncia jur\u00eddico-operacional da manuten\u00e7\u00e3o ativa e atualizada do cadastro dos peritos judiciais nos bancos oficiais administrados pelos tribunais. A an\u00e1lise decorre de caso concreto no qual um perito, apesar de regularmente nomeado, teve seu m\u00fanus destitu\u00eddo por decis\u00e3o interlocut\u00f3ria, em raz\u00e3o de constata\u00e7\u00e3o posterior de que se encontrava <strong>com o cadastro desativado<\/strong> no banco de peritos do Tribunal de Justi\u00e7a de S\u00e3o Paulo.<\/p>\n\n\n\n<p>Conforme exposto no material videogr\u00e1fico analisado (00:19), a principal motiva\u00e7\u00e3o judicial para a substitui\u00e7\u00e3o decorreu da simples \u2014 por\u00e9m determinante \u2014 inatividade cadastral. \u00c0 primeira vista, poderia parecer um detalhe meramente administrativo; todavia, trata-se de um <strong>pressuposto de validade da nomea\u00e7\u00e3o<\/strong>, sem o qual a continuidade do encargo pericial fica juridicamente comprometida.<\/p>\n\n\n\n<blockquote class=\"wp-block-quote is-layout-flow wp-block-quote-is-layout-flow\">\n<p>O presente artigo t\u00e9cnico-jur\u00eddico versa sobre a imprescindibilidade da manuten\u00e7\u00e3o da <strong>hialina e cont\u00ednua ativa\u00e7\u00e3o<\/strong> do cadastro de profissionais peritos nos bancos de dados mantidos pelas estruturas do Poder Judici\u00e1rio, em seus diversos n\u00edveis jurisdicionais. A premissa f\u00e1tica exsurge da an\u00e1lise de um caso concreto em que um perito, ap\u00f3s regularmente nomeado em uma demanda processual, fora destitu\u00eddo do encargo em sede de decis\u00e3o interlocut\u00f3ria.<\/p>\n\n\n\n<p>Conforme exarado no conte\u00fado videogr\u00e1fico em tela <strong>[<a href=\"https:\/\/youtu.be\/8RhRjWvjzBs?t=19s\" target=\"_blank\" rel=\"noopener\" title=\"\">00:00:19<\/a>]<\/strong>, a motiva\u00e7\u00e3o judicial para a destitui\u00e7\u00e3o do <em>m\u00fanus<\/em> pericial residiu na identifica\u00e7\u00e3o de que o profissional <strong>n\u00e3o se encontrava mais ativo<\/strong> no banco de peritos do Tribunal de Justi\u00e7a de S\u00e3o Paulo. Tal circunst\u00e2ncia, embora pare\u00e7a meramente administrativa, configura um \u00f3bice \u00e0 <strong>efetividade<\/strong> da atua\u00e7\u00e3o e vulnerabiliza a indica\u00e7\u00e3o do profissional, mesmo ap\u00f3s o percurso de etapas procedimentais essenciais.<\/p>\n<\/blockquote>\n\n\n\n<hr class=\"wp-block-separator has-alpha-channel-opacity\"\/>\n\n\n\n<h2 class=\"wp-block-heading\"><strong>2. Delineamento Processual e Nexo da Controv\u00e9rsia<\/strong><\/h2>\n\n\n\n<p>A situa\u00e7\u00e3o narrada evidencia uma sequ\u00eancia procedimental regular: houve nomea\u00e7\u00e3o pelo ju\u00edzo (03:37), intima\u00e7\u00e3o para apresenta\u00e7\u00e3o de proposta de honor\u00e1rios e manifesta\u00e7\u00e3o t\u00e9cnica do perito, inclusive com adequa\u00e7\u00e3o do or\u00e7amento para viabilizar a realiza\u00e7\u00e3o da per\u00edcia por modalidade remota, eliminando custos de deslocamento (03:45 \u2013 04:19).<\/p>\n\n\n\n<p>Apesar da completa observ\u00e2ncia aos atos processuais, a decis\u00e3o de substitui\u00e7\u00e3o foi fundamentada na descoberta de que o cadastro estava inativo (04:29). Fato relevante \u00e9 que essa desativa\u00e7\u00e3o n\u00e3o era recente: remontava a cerca de um ano antes (05:49 \u2013 06:08), o que coloca em evid\u00eancia a seguinte controv\u00e9rsia:<\/p>\n\n\n\n<blockquote class=\"wp-block-quote is-layout-flow wp-block-quote-is-layout-flow\">\n<p><strong>Como o sistema procedimental pode gerar uma nomea\u00e7\u00e3o v\u00e1lida se o perito j\u00e1 se encontrava inativo no banco de especialistas?<\/strong><\/p>\n<\/blockquote>\n\n\n\n<p>Embora a d\u00favida seja pertinente, o argumento n\u00e3o exime o profissional de sua obriga\u00e7\u00e3o de dilig\u00eancia. O entendimento predominante \u00e9 o de que o \u00f4nus de acompanhar sua pr\u00f3pria situa\u00e7\u00e3o administrativa \u00e9 do perito nomeado.<\/p>\n\n\n\n<p>Outro argumento levantado pela autoridade judicial \u2014 o elevado valor das despesas de deslocamento (06:26) \u2014 mostra-se superado pelo fato de o perito ter expressamente retirado esse custo ao propor a per\u00edcia remota (06:41). Assim, a raz\u00e3o central da destitui\u00e7\u00e3o permanece sendo a <strong>falha cadastral<\/strong>.<\/p>\n\n\n\n<blockquote class=\"wp-block-quote is-layout-flow wp-block-quote-is-layout-flow\">\n<p>O caso <em>sub examine<\/em> evidencia uma sucess\u00e3o de atos processuais que, em tese, confeririam legitimidade \u00e0 atua\u00e7\u00e3o do perito. \u00c9 mister observar que houve a <strong>nomea\u00e7\u00e3o judicial<\/strong> <strong>[<a href=\"https:\/\/youtu.be\/8RhRjWvjzBs?t=217s\" target=\"_blank\" rel=\"noopener\" title=\"\">00:03:37<\/a>]<\/strong>, o subsequente ato de <strong>intima\u00e7\u00e3o para apresenta\u00e7\u00e3o de proposta de honor\u00e1rios<\/strong> e, ainda, a defesa t\u00e9cnica mediante <strong>impugna\u00e7\u00e3o e adequa\u00e7\u00e3o de custos<\/strong>, especificamente no que concerne \u00e0 possibilidade de realiza\u00e7\u00e3o de per\u00edcia remota como forma de redu\u00e7\u00e3o do valor or\u00e7ament\u00e1rio inicialmente apresentado <strong>[<a href=\"https:\/\/youtu.be\/8RhRjWvjzBs?t=225s\" target=\"_blank\" rel=\"noopener\" title=\"\">00:03:45<\/a>]<\/strong> \u2013 <strong>[<a href=\"https:\/\/youtu.be\/8RhRjWvjzBs?t=259s\" target=\"_blank\" rel=\"noopener\" title=\"\">00:04:19<\/a>]<\/strong>.<\/p>\n\n\n\n<p>N\u00e3o obstante a dilig\u00eancia do <em>expert<\/em> em atender aos comandos judiciais e manifestar-se sobre a redu\u00e7\u00e3o de custos de deslocamento, a decis\u00e3o de substitui\u00e7\u00e3o foi fulcrada, primariamente, na desativa\u00e7\u00e3o cadastral <strong>[<a href=\"https:\/\/youtu.be\/8RhRjWvjzBs?t=269s\" target=\"_blank\" rel=\"noopener\" title=\"\">00:04:29<\/a>]<\/strong>. A controv\u00e9rsia reside no <strong>consect\u00e1rio l\u00f3gico<\/strong> entre a nomea\u00e7\u00e3o e a desativa\u00e7\u00e3o: questiona-se como o sistema processual p\u00f4de gerar uma nomea\u00e7\u00e3o v\u00e1lida se o cadastro j\u00e1 se encontrava inativo, fato este que, no caso reportado, remontava a um per\u00edodo de aproximadamente um ano <strong>[<a href=\"https:\/\/youtu.be\/8RhRjWvjzBs?t=349s\" target=\"_blank\" rel=\"noopener\" title=\"\">00:05:49<\/a>]<\/strong> \u2013 <strong>[<a href=\"https:\/\/youtu.be\/8RhRjWvjzBs?t=368s\" target=\"_blank\" rel=\"noopener\" title=\"\">00:06:08<\/a>]<\/strong>.<\/p>\n\n\n\n<p>Outrossim, mister se faz pontuar a manifesta\u00e7\u00e3o de um <strong>segundo motivo<\/strong> para a destitui\u00e7\u00e3o, aduzido pela autoridade judici\u00e1ria, qual seja, o montante elevado das custas periciais em virtude do deslocamento <strong>[<a href=\"https:\/\/youtu.be\/8RhRjWvjzBs?t=386s\" target=\"_blank\" rel=\"noopener\" title=\"\">00:06:26<\/a>]<\/strong>. Contudo, tal argumento perde for\u00e7a anal\u00edtica quando confrontado com a manifesta\u00e7\u00e3o pr\u00e9via do perito que, em estrito atendimento ao princ\u00edpio da economicidade processual, <strong>retirou a rubrica referente ao deslocamento<\/strong> ao propor a modalidade de per\u00edcia remota <strong>[<a href=\"https:\/\/youtu.be\/8RhRjWvjzBs?t=401s\" target=\"_blank\" rel=\"noopener\" title=\"\">00:06:41<\/a>]<\/strong>. Destarte, a <strong>desativa\u00e7\u00e3o cadastral<\/strong> se erige como o epicentro da problem\u00e1tica.<\/p>\n<\/blockquote>\n\n\n\n<hr class=\"wp-block-separator has-alpha-channel-opacity\"\/>\n\n\n\n<h2 class=\"wp-block-heading\"><strong>3. A Imperatividade da Verifica\u00e7\u00e3o Cont\u00ednua e o Risco Real de Destitui\u00e7\u00e3o<\/strong><\/h2>\n\n\n\n<p>Do caso concreto extrai-se uma li\u00e7\u00e3o pr\u00e1tica de alta relev\u00e2ncia:<br><strong>a verifica\u00e7\u00e3o peri\u00f3dica do status cadastral n\u00e3o \u00e9 faculdade, mas necessidade operacional inafast\u00e1vel.<\/strong><\/p>\n\n\n\n<p>O perito Agenor Zaparoli recomenda que essa checagem ocorra <strong>ao menos mensalmente<\/strong> (05:15), sendo prudente que se fa\u00e7a <strong>semanalmente<\/strong> (05:23). O objetivo \u00e9 evitar surpresas que possam ensejar destitui\u00e7\u00e3o imediata.<\/p>\n\n\n\n<p>A desativa\u00e7\u00e3o cadastral produz efeitos autom\u00e1ticos:<\/p>\n\n\n\n<ul class=\"wp-block-list\">\n<li><strong>interrup\u00e7\u00e3o das nomea\u00e7\u00f5es<\/strong> oriundas daquele tribunal (05:31);<\/li>\n\n\n\n<li>inaptid\u00e3o tempor\u00e1ria para assumir novos encargos;<\/li>\n\n\n\n<li>risco de substitui\u00e7\u00e3o mesmo ap\u00f3s nomea\u00e7\u00e3o e manifesta\u00e7\u00e3o t\u00e9cnica.<\/li>\n<\/ul>\n\n\n\n<p>No \u00e2mbito pr\u00e1tico, tal situa\u00e7\u00e3o pode comprometer a imagem do profissional perante o ju\u00edzo e as partes, al\u00e9m de refletir negativamente em sua reputa\u00e7\u00e3o t\u00e9cnica e em futuras nomea\u00e7\u00f5es.<\/p>\n\n\n\n<blockquote class=\"wp-block-quote is-layout-flow wp-block-quote-is-layout-flow\">\n<p>A li\u00e7\u00e3o que exsurge da presente an\u00e1lise \u00e9 a da <strong>dilig\u00eancia proativa<\/strong> por parte do profissional. O <em>expert<\/em> Agenor Zaparoli aconselha veementemente a <strong>verifica\u00e7\u00e3o peri\u00f3dica<\/strong> dos dados junto ao banco de peritos, sugerindo uma frequ\u00eancia m\u00ednima mensal <strong>[<a href=\"https:\/\/youtu.be\/8RhRjWvjzBs?t=315s\" target=\"_blank\" rel=\"noopener\" title=\"\">00:05:15<\/a>]<\/strong> ou, idealmente, semanal <strong>[<a href=\"https:\/\/youtu.be\/8RhRjWvjzBs?t=323s\" target=\"_blank\" rel=\"noopener\" title=\"\">00:05:23<\/a>]<\/strong>. Tal conduta constitui uma medida de autodefesa profissional, blindando o perito contra a <strong>destitui\u00e7\u00e3o arbitr\u00e1ria<\/strong> ou, pelo menos, tecnicamente justific\u00e1vel pela falha cadastral.<\/p>\n\n\n\n<p>A desativa\u00e7\u00e3o em um banco de peritos de determinado estado acarreta, por <strong>consequ\u00eancia jur\u00eddica imediata<\/strong>, a interrup\u00e7\u00e3o das nomea\u00e7\u00f5es oriundas daquela corte <strong>[<a href=\"https:\/\/youtu.be\/8RhRjWvjzBs?t=331s\" target=\"_blank\" rel=\"noopener\" title=\"\">00:05:31<\/a>]<\/strong>, tornando o profissional inapt\u00e1vel para a percep\u00e7\u00e3o de novo <em>m\u00fanus<\/em> naquele \u00e2mbito geogr\u00e1fico-institucional.<\/p>\n<\/blockquote>\n\n\n\n<hr class=\"wp-block-separator has-alpha-channel-opacity\"\/>\n\n\n\n<h2 class=\"wp-block-heading\"><strong>4. Considera\u00e7\u00f5es Finais e Recomenda\u00e7\u00f5es T\u00e9cnicas<\/strong><\/h2>\n\n\n\n<p>A manuten\u00e7\u00e3o ativa do cadastro de perito n\u00e3o \u00e9 um ato meramente burocr\u00e1tico; constitui <strong>condi\u00e7\u00e3o de efic\u00e1cia e continuidade do exerc\u00edcio da fun\u00e7\u00e3o<\/strong>, especialmente porque o v\u00ednculo entre perito e tribunal \u00e9 regido por crit\u00e9rios administrativos estritos.<\/p>\n\n\n\n<p>A neglig\u00eancia na atualiza\u00e7\u00e3o cadastral configura omiss\u00e3o que serve de base para substitui\u00e7\u00e3o (07:00), criando um cen\u00e1rio vulner\u00e1vel no qual o profissional, inadvertidamente, fornece \u201cfundamento t\u00e9cnico\u201d para ser afastado.<\/p>\n\n\n\n<h3 class=\"wp-block-heading\"><strong>Recomenda\u00e7\u00f5es complementares de fortalecimento profissional<\/strong><\/h3>\n\n\n\n<p>Al\u00e9m da vigil\u00e2ncia cadastral, recomenda-se:<\/p>\n\n\n\n<ol class=\"wp-block-list\">\n<li><strong>Cadastro em bancos privados de peritos<\/strong> (01:33), ampliando a visibilidade e o acesso por parte de advogados e empresas.<\/li>\n\n\n\n<li><strong>Cria\u00e7\u00e3o de cart\u00f5es de visita virtuais<\/strong> (02:06), \u00fateis em ambientes digitais e para contrata\u00e7\u00e3o como assistente t\u00e9cnico.<\/li>\n\n\n\n<li><strong>Posicionamento estrat\u00e9gico no ambiente online<\/strong> (03:03), pois a busca por especialistas migrou significativamente para plataformas digitais.<\/li>\n<\/ol>\n\n\n\n<p>Em s\u00edntese, a recomenda\u00e7\u00e3o \u00e9 clara:<br><strong>o perito judicial deve exercer controle administrativo permanente sobre sua situa\u00e7\u00e3o cadastral<\/strong>, sob pena de se tornar vulner\u00e1vel a destitui\u00e7\u00f5es inevit\u00e1veis e interrup\u00e7\u00f5es abruptas em sua atividade profissional.<\/p>\n\n\n\n<blockquote class=\"wp-block-quote is-layout-flow wp-block-quote-is-layout-flow\">\n<p>A manuten\u00e7\u00e3o do cadastro ativo n\u00e3o \u00e9 uma mera formalidade burocr\u00e1tica, mas sim um <strong>pressuposto de validade<\/strong> para a continuidade da rela\u00e7\u00e3o entre o profissional e o Poder Judici\u00e1rio. A des\u00eddia na atualiza\u00e7\u00e3o e verifica\u00e7\u00e3o cadastral configura <strong>omiss\u00e3o<\/strong> que pode ser subsumida como causa objetiva para a substitui\u00e7\u00e3o, conferindo &#8220;muni\u00e7\u00e3o&#8221; para a destitui\u00e7\u00e3o <strong>[<a href=\"https:\/\/youtu.be\/8RhRjWvjzBs?t=420s\" target=\"_blank\" rel=\"noopener\" title=\"\">00:07:00<\/a>]<\/strong>.<\/p>\n\n\n\n<p>A t\u00edtulo de <strong>refor\u00e7o de efetividade profissional<\/strong>, s\u00e3o ainda recomendadas a\u00e7\u00f5es de <strong>divulga\u00e7\u00e3o e publicidade t\u00e9cnica<\/strong>, tais como o registro em bancos de peritos privados <strong>[<a href=\"https:\/\/youtu.be\/8RhRjWvjzBs?t=93s\" target=\"_blank\" rel=\"noopener\" title=\"\">01:33<\/a>]<\/strong> e a confec\u00e7\u00e3o de cart\u00f5es de visita virtuais, com o intuito de ampliar a <strong>visibilidade e acessibilidade<\/strong> do profissional no ambiente digital, otimizando sua <strong>indicabilidade<\/strong> por parte de terceiros e advogados que busquem peritos para atua\u00e7\u00e3o como assistentes t\u00e9cnicos <strong>[<a href=\"https:\/\/youtu.be\/8RhRjWvjzBs?t=126s\" target=\"_blank\" rel=\"noopener\" title=\"\">02:06<\/a>]<\/strong>. A premissa \u00e9 clara: em um sistema onde a comunica\u00e7\u00e3o processual e a busca por <em>experts<\/em> migraram para o ambiente virtual, o <strong>posicionamento em <em>ranking<\/em> de buscadores<\/strong> \u00e9 um elemento coadjuvante na atra\u00e7\u00e3o de <em>m\u00fanus<\/em> pericial <strong>[<a href=\"https:\/\/youtu.be\/8RhRjWvjzBs?t=183s\" target=\"_blank\" rel=\"noopener\" title=\"\">03:03<\/a>]<\/strong>.<\/p>\n\n\n\n<p>O imperativo \u00e9, portanto, a <strong>permanente vigil\u00e2ncia<\/strong> sobre o <em>status<\/em> administrativo junto \u00e0s cortes de justi\u00e7a.<\/p>\n<\/blockquote>\n\n\n\n<h2 class=\"wp-block-heading\">LINKS IMPORTANTES<\/h2>\n\n\n\n<div class=\"wp-block-media-text is-stacked-on-mobile\" style=\"grid-template-columns:16% auto\"><figure class=\"wp-block-media-text__media\"><img loading=\"lazy\" decoding=\"async\" width=\"600\" height=\"600\" src=\"http:\/\/periciajudicial.zsistemas.com.br\/wp-content\/uploads\/2025\/04\/Produto-600x600-1.jpg\" alt=\"\" class=\"wp-image-4076 size-full\" srcset=\"https:\/\/periciajudicial.zsistemas.com.br\/wp-content\/uploads\/2025\/04\/Produto-600x600-1.jpg 600w, https:\/\/periciajudicial.zsistemas.com.br\/wp-content\/uploads\/2025\/04\/Produto-600x600-1-300x300.jpg 300w, https:\/\/periciajudicial.zsistemas.com.br\/wp-content\/uploads\/2025\/04\/Produto-600x600-1-150x150.jpg 150w\" sizes=\"auto, (max-width: 600px) 100vw, 600px\" \/><\/figure><div class=\"wp-block-media-text__content\">\n<p>Nosso curso: <a href=\"https:\/\/fala.host\/curso\" target=\"_blank\" rel=\"noopener\" title=\"\">https:\/\/fala.host\/curso<br><\/a>Nosso canal: <a href=\"https:\/\/www.youtube.com\/@PericiaJudicial\" target=\"_blank\" rel=\"noreferrer noopener\">https:\/\/www.youtube.com\/@PericiaJudicial<\/a><br>Nossos grupos: <a href=\"https:\/\/fala.host\/grupos\">https:\/\/fala.host\/grupos<\/a><br>Laudos e artigos: <a href=\"https:\/\/periciajudicial.zsistemas.com.br\/\">https:\/\/periciajudicial.zsistemas.com.br <\/a><br>Cart\u00e3o de visitas: <a href=\"https:\/\/fala.host\/C\/Perito\">https:\/\/fala.host\/C\/Perito<\/a><\/p>\n<\/div><\/div>\n\n\n\n<p>Calculadora de honor\u00e1rios online: <a aria-label=\"https:\/\/fala.host\/calculadoradehonorarios (opens in a new tab)\" href=\"https:\/\/fala.host\/calculadoradehonorarios\" target=\"_blank\" rel=\"noreferrer noopener\">https:\/\/fala.host\/calculadoradehonorarios<\/a><br>Cadastre-se em nosso Banco de Peritos: <br><a href=\"https:\/\/fala.host\/bancodeperitos\">https:\/\/fala.host\/bancodeperitos<\/a><br>Quem indica: <a aria-label=\"https:\/\/fala.host\/quemindica (opens in a new tab)\" href=\"https:\/\/fala.host\/quemindica\" target=\"_blank\" rel=\"noreferrer noopener\">https:\/\/fala.host\/quemindica<\/a><br>5 Passos de como se tornar um Perito Judicial: <a href=\"https:\/\/periciajudicial.zsistemas.com.br\/index.php\/2023\/09\/27\/5-cinco-passos-para-se-tornar-um-perito-judicial\">https:\/\/periciajudicial.zsistemas.com.br\/index.php\/2023\/09\/27\/5-cinco-passos-para-se-tornar-um-perito-judicial<\/a><br>Crie o seu cart\u00e3o de visitas virtual gr\u00e1tis: <br><a href=\"https:\/\/fala.host\/cartao\">https:\/\/fala.host\/cartao<\/a><br>#periciajudicial #periciaextrajudicial #pericia #peritos #objetopericial #investiga\u00e7\u00e3o #assistentet\u00e9cnico #CREA #NBR #abnt #engenharia #engenheiro<\/p>\n","protected":false},"excerpt":{"rendered":"<p>A Imperatividade da Regularidade Cadastral dos Peritos Judiciais: Impactos Processuais, Riscos de Destitui\u00e7\u00e3o e Repercuss\u00f5es no Sistema de Nomea\u00e7\u00f5es INTRODU\u00c7\u00c3O A atividade pericial, enquanto fun\u00e7\u00e3o<\/p>\n","protected":false},"author":1,"featured_media":4823,"comment_status":"open","ping_status":"open","sticky":false,"template":"","format":"standard","meta":{"om_disable_all_campaigns":false,"_monsterinsights_skip_tracking":false,"_monsterinsights_sitenote_active":false,"_monsterinsights_sitenote_note":"","_monsterinsights_sitenote_category":0,"footnotes":""},"categories":[1],"tags":[],"class_list":["post-4822","post","type-post","status-publish","format-standard","has-post-thumbnail","hentry","category-cursodepericia"],"aioseo_notices":[],"_links":{"self":[{"href":"https:\/\/periciajudicial.zsistemas.com.br\/index.php\/wp-json\/wp\/v2\/posts\/4822","targetHints":{"allow":["GET"]}}],"collection":[{"href":"https:\/\/periciajudicial.zsistemas.com.br\/index.php\/wp-json\/wp\/v2\/posts"}],"about":[{"href":"https:\/\/periciajudicial.zsistemas.com.br\/index.php\/wp-json\/wp\/v2\/types\/post"}],"author":[{"embeddable":true,"href":"https:\/\/periciajudicial.zsistemas.com.br\/index.php\/wp-json\/wp\/v2\/users\/1"}],"replies":[{"embeddable":true,"href":"https:\/\/periciajudicial.zsistemas.com.br\/index.php\/wp-json\/wp\/v2\/comments?post=4822"}],"version-history":[{"count":1,"href":"https:\/\/periciajudicial.zsistemas.com.br\/index.php\/wp-json\/wp\/v2\/posts\/4822\/revisions"}],"predecessor-version":[{"id":4824,"href":"https:\/\/periciajudicial.zsistemas.com.br\/index.php\/wp-json\/wp\/v2\/posts\/4822\/revisions\/4824"}],"wp:featuredmedia":[{"embeddable":true,"href":"https:\/\/periciajudicial.zsistemas.com.br\/index.php\/wp-json\/wp\/v2\/media\/4823"}],"wp:attachment":[{"href":"https:\/\/periciajudicial.zsistemas.com.br\/index.php\/wp-json\/wp\/v2\/media?parent=4822"}],"wp:term":[{"taxonomy":"category","embeddable":true,"href":"https:\/\/periciajudicial.zsistemas.com.br\/index.php\/wp-json\/wp\/v2\/categories?post=4822"},{"taxonomy":"post_tag","embeddable":true,"href":"https:\/\/periciajudicial.zsistemas.com.br\/index.php\/wp-json\/wp\/v2\/tags?post=4822"}],"curies":[{"name":"wp","href":"https:\/\/api.w.org\/{rel}","templated":true}]}}