{"id":5030,"date":"2026-01-27T09:16:35","date_gmt":"2026-01-27T12:16:35","guid":{"rendered":"https:\/\/periciajudicial.zsistemas.com.br\/?p=5030"},"modified":"2026-01-27T09:46:19","modified_gmt":"2026-01-27T12:46:19","slug":"5-cinco-dias-para-apresentar-proposta-de-honorarios","status":"publish","type":"post","link":"https:\/\/periciajudicial.zsistemas.com.br\/index.php\/2026\/01\/27\/5-cinco-dias-para-apresentar-proposta-de-honorarios\/","title":{"rendered":"5 Cinco dias para apresentar proposta de honor\u00e1rios"},"content":{"rendered":"\n<figure class=\"wp-block-embed is-type-video is-provider-youtube wp-block-embed-youtube wp-embed-aspect-16-9 wp-has-aspect-ratio\"><div class=\"wp-block-embed__wrapper\">\n<iframe loading=\"lazy\" title=\"5 Cinco dias para apresentar proposta de honor\u00e1rios\" width=\"910\" height=\"512\" src=\"https:\/\/www.youtube.com\/embed\/Jyk4EtHnt9Q?feature=oembed\" frameborder=\"0\" allow=\"accelerometer; autoplay; clipboard-write; encrypted-media; gyroscope; picture-in-picture; web-share\" referrerpolicy=\"strict-origin-when-cross-origin\" allowfullscreen><\/iframe>\n<\/div><\/figure>\n\n\n\n<p>Escute o podcast explicado por IA<\/p>\n\n\n\n<figure class=\"wp-block-audio\"><audio controls src=\"https:\/\/periciajudicial.zsistemas.com.br\/wp-content\/uploads\/2026\/01\/5-Cinco-dias-para-apresentar-proposta-de-honorarios.mp3\"><\/audio><\/figure>\n\n\n\n<h2 class=\"wp-block-heading\">Introdu\u00e7\u00e3o<\/h2>\n\n\n\n<p>A proposta de honor\u00e1rios periciais constitui um dos atos mais relevantes na atua\u00e7\u00e3o do perito judicial, pois \u00e9 nela que se estabelece n\u00e3o apenas a remunera\u00e7\u00e3o do trabalho t\u00e9cnico, mas tamb\u00e9m os limites objetivos da atividade pericial. Embora o C\u00f3digo de Processo Civil (CPC) estabele\u00e7a o prazo de cinco dias para sua apresenta\u00e7\u00e3o, a pr\u00e1tica forense demonstra que esse prazo envolve importantes nuances quanto ao seu termo inicial, \u00e0 forma de contagem e \u00e0s possibilidades de prorroga\u00e7\u00e3o.<\/p>\n\n\n\n<p>A incompreens\u00e3o dessas regras pode gerar consequ\u00eancias processuais graves, como preclus\u00e3o, indeferimento da proposta, substitui\u00e7\u00e3o do perito ou at\u00e9 mesmo preju\u00edzos financeiros ao profissional. Assim, compreender corretamente quando e como esse prazo se inicia, de que forma deve ser contado e quais medidas podem ser adotadas em situa\u00e7\u00f5es excepcionais \u00e9 essencial para uma atua\u00e7\u00e3o t\u00e9cnica segura, \u00e9tica e juridicamente adequada.<\/p>\n\n\n\n<hr class=\"wp-block-separator has-alpha-channel-opacity\"\/>\n\n\n\n<h2 class=\"wp-block-heading\">Resumo<\/h2>\n\n\n\n<p>Este artigo analisa, de forma detalhada, o prazo de cinco dias para apresenta\u00e7\u00e3o da proposta de honor\u00e1rios periciais, \u00e0 luz do C\u00f3digo de Processo Civil e da pr\u00e1tica forense. Demonstra-se a distin\u00e7\u00e3o fundamental entre despacho de nomea\u00e7\u00e3o e intima\u00e7\u00e3o, esclarecendo que o prazo apenas se inicia com o efetivo cumprimento desta \u00faltima. Tamb\u00e9m se aborda a forma correta de contagem do prazo em dias \u00fateis, bem como as hip\u00f3teses em que sua prorroga\u00e7\u00e3o \u00e9 admiss\u00edvel, especialmente em processos volumosos ou complexos. Por fim, apresentam-se recomenda\u00e7\u00f5es pr\u00e1ticas ao perito para evitar preju\u00edzos processuais e assegurar a adequada fixa\u00e7\u00e3o de seus honor\u00e1rios.<\/p>\n\n\n\n<hr class=\"wp-block-separator has-alpha-channel-opacity\"\/>\n\n\n\n<h2 class=\"wp-block-heading\">O Prazo de 5 Dias para Proposta de Honor\u00e1rios Periciais<\/h2>\n\n\n\n<p>Na din\u00e2mica da per\u00edcia judicial, a proposta de honor\u00e1rios n\u00e3o \u00e9 um mero formul\u00e1rio administrativo, mas um ato processual de natureza jur\u00eddica, t\u00e9cnica e econ\u00f4mica. \u00c9 por meio dela que o perito delimita o escopo de sua atua\u00e7\u00e3o, justifica a complexidade do trabalho e fundamenta o valor requerido. Por essa raz\u00e3o, o prazo legal para sua apresenta\u00e7\u00e3o deve ser interpretado com precis\u00e3o, evitando-se erros que possam comprometer a validade da nomea\u00e7\u00e3o ou gerar preju\u00edzos ao profissional.<\/p>\n\n\n\n<hr class=\"wp-block-separator has-alpha-channel-opacity\"\/>\n\n\n\n<h2 class=\"wp-block-heading\">Mapa mental<\/h2>\n\n\n\n<figure class=\"wp-block-image size-large\"><img loading=\"lazy\" decoding=\"async\" width=\"1024\" height=\"951\" src=\"https:\/\/periciajudicial.zsistemas.com.br\/wp-content\/uploads\/2026\/01\/5-Cinco-dias-para-apresentar-proposta-de-honorarios-mental-1024x951.png\" alt=\"\" class=\"wp-image-5032\" srcset=\"https:\/\/periciajudicial.zsistemas.com.br\/wp-content\/uploads\/2026\/01\/5-Cinco-dias-para-apresentar-proposta-de-honorarios-mental-1024x951.png 1024w, https:\/\/periciajudicial.zsistemas.com.br\/wp-content\/uploads\/2026\/01\/5-Cinco-dias-para-apresentar-proposta-de-honorarios-mental-300x279.png 300w, https:\/\/periciajudicial.zsistemas.com.br\/wp-content\/uploads\/2026\/01\/5-Cinco-dias-para-apresentar-proposta-de-honorarios-mental-768x713.png 768w, https:\/\/periciajudicial.zsistemas.com.br\/wp-content\/uploads\/2026\/01\/5-Cinco-dias-para-apresentar-proposta-de-honorarios-mental-1536x1426.png 1536w, https:\/\/periciajudicial.zsistemas.com.br\/wp-content\/uploads\/2026\/01\/5-Cinco-dias-para-apresentar-proposta-de-honorarios-mental-2048x1902.png 2048w\" sizes=\"auto, (max-width: 1024px) 100vw, 1024px\" \/><\/figure>\n\n\n\n<hr class=\"wp-block-separator has-alpha-channel-opacity\"\/>\n\n\n\n<h3 class=\"wp-block-heading\">Nomea\u00e7\u00e3o n\u00e3o \u00e9 Intima\u00e7\u00e3o: o erro mais comum<\/h3>\n\n\n\n<p>Um dos equ\u00edvocos mais frequentes entre peritos, especialmente os iniciantes, consiste em acreditar que o prazo de cinco dias come\u00e7a a correr a partir do despacho judicial que os nomeia. Contudo, do ponto de vista processual, o despacho de nomea\u00e7\u00e3o \u00e9 um ato interno do juiz, direcionado \u00e0 secretaria do ju\u00edzo, com a finalidade de indicar o profissional que dever\u00e1 ser intimado para assumir o encargo.<\/p>\n\n\n\n<p>Esse despacho, por si s\u00f3, n\u00e3o produz efeitos diretos em rela\u00e7\u00e3o ao perito, pois ele ainda n\u00e3o tomou ci\u00eancia formal da nomea\u00e7\u00e3o. Em termos jur\u00eddicos, n\u00e3o h\u00e1, nesse momento, a constitui\u00e7\u00e3o de qualquer dever processual para o profissional. O perito apenas passa a integrar formalmente a rela\u00e7\u00e3o processual quando ocorre sua intima\u00e7\u00e3o v\u00e1lida, ou seja, quando lhe \u00e9 dada ci\u00eancia oficial do ato judicial.<\/p>\n\n\n\n<p>Portanto, o prazo legal de cinco dias n\u00e3o se inicia com o despacho, mas somente ap\u00f3s a efetiva intima\u00e7\u00e3o, o que pode ocorrer dias, semanas ou at\u00e9 meses depois, a depender da organiza\u00e7\u00e3o da vara, do volume processual ou do meio utilizado para a comunica\u00e7\u00e3o.<\/p>\n\n\n\n<blockquote class=\"wp-block-quote is-layout-flow wp-block-quote-is-layout-flow\">\n<ul class=\"wp-block-list\">\n<li><strong>Despacho de Nomea\u00e7\u00e3o:<\/strong> \u00c9 o ato onde o juiz identifica a necessidade da per\u00edcia e escolhe o profissional [<a href=\"http:\/\/www.youtube.com\/watch?v=Jyk4EtHnt9Q&amp;t=113\" target=\"_blank\" rel=\"noreferrer noopener\">01:53<\/a>]. Este documento serve apenas para comunicar ao escriv\u00e3o que o perito foi selecionado.<\/li>\n\n\n\n<li><strong>Intima\u00e7\u00e3o:<\/strong> O prazo de 5 dias <strong>n\u00e3o<\/strong> come\u00e7a no despacho. O escriv\u00e3o precisa primeiro intimar o perito para que este tome ci\u00eancia da nomea\u00e7\u00e3o [<a href=\"http:\/\/www.youtube.com\/watch?v=Jyk4EtHnt9Q&amp;t=160\" target=\"_blank\" rel=\"noreferrer noopener\">02:40<\/a>]. Em processos digitais, isso pode ser r\u00e1pido, mas em processos f\u00edsicos ou com alta demanda na vara, pode levar meses ap\u00f3s a nomea\u00e7\u00e3o.<\/li>\n<\/ul>\n\n\n\n<p>Muitos peritos iniciantes confundem o momento do despacho com o in\u00edcio do prazo.<\/p>\n<\/blockquote>\n\n\n\n<hr class=\"wp-block-separator has-alpha-channel-opacity\"\/>\n\n\n\n<h2 class=\"wp-block-heading\">Tabela explicativa<\/h2>\n\n\n\n<figure class=\"wp-block-table\"><table class=\"has-fixed-layout\"><tbody><tr><th>Conceito ou Etapa<\/th><th>Prazo Definido<\/th><th>Tipo de Dias (\u00dateis\/Corridos)<\/th><th>Marco Inicial da Contagem<\/th><th>Base Legal ou Justificativa<\/th><th>Possibilidade de Prorroga\u00e7\u00e3o<\/th><th>Observa\u00e7\u00f5es Relevantes<\/th><th>Fonte<\/th><\/tr><tr><td>Apresenta\u00e7\u00e3o da proposta de honor\u00e1rios<\/td><td>5 (cinco)<\/td><td>\u00dateis<\/td><td>No dia \u00fatil seguinte ao cumprimento da intima\u00e7\u00e3o<\/td><td>C\u00f3digo de Processo Civil (CPC)<\/td><td>Sim, mediante peti\u00e7\u00e3o que justifique a complexidade (ex: grande volume de p\u00e1ginas)<\/td><td>O prazo n\u00e3o se inicia no despacho de nomea\u00e7\u00e3o, mas sim ap\u00f3s a ci\u00eancia ou cumprimento da intima\u00e7\u00e3o no sistema ou protocolo do AR.<\/td><td><\/td><\/tr><\/tbody><\/table><\/figure>\n\n\n\n<hr class=\"wp-block-separator has-alpha-channel-opacity\"\/>\n\n\n\n<h3 class=\"wp-block-heading\">O marco inicial: quando o prazo efetivamente come\u00e7a<\/h3>\n\n\n\n<p>O termo inicial do prazo \u00e9 o cumprimento da intima\u00e7\u00e3o, isto \u00e9, o momento em que se considera juridicamente comprovado que o perito tomou ci\u00eancia da nomea\u00e7\u00e3o.<\/p>\n\n\n\n<p>Nos processos eletr\u00f4nicos, como os que tramitam no PJe, e-SAJ ou sistemas similares, esse cumprimento geralmente ocorre quando o perito acessa o sistema e registra sua ci\u00eancia formal da intima\u00e7\u00e3o. A partir desse momento, inicia-se a contagem do prazo, que come\u00e7a no primeiro dia \u00fatil subsequente.<\/p>\n\n\n\n<p>Nos processos f\u00edsicos ou h\u00edbridos, em que a intima\u00e7\u00e3o ocorre por meio de carta com aviso de recebimento (AR), o prazo n\u00e3o se inicia na data em que o perito assina o AR em sua resid\u00eancia ou local de trabalho. Juridicamente, considera-se cumprida a intima\u00e7\u00e3o apenas quando o aviso de recebimento \u00e9 juntado aos autos, certificando-se nos registros do processo que a comunica\u00e7\u00e3o foi efetivamente realizada. Somente ap\u00f3s essa juntada \u00e9 que se inicia a contagem do prazo, novamente no primeiro dia \u00fatil subsequente.<\/p>\n\n\n\n<p>Essa distin\u00e7\u00e3o \u00e9 fundamental, pois evita que o perito, por excesso de zelo, antecipe indevidamente sua proposta ou, ao contr\u00e1rio, seja surpreendido por um prazo que j\u00e1 come\u00e7ou a correr sem que ele tivesse ci\u00eancia formal do marco legal.<\/p>\n\n\n\n<blockquote class=\"wp-block-quote is-layout-flow wp-block-quote-is-layout-flow\">\n<p>O prazo s\u00f3 passa a contar efetivamente ap\u00f3s o <strong>cumprimento da intima\u00e7\u00e3o<\/strong> [<a target=\"_blank\" rel=\"noreferrer noopener\" href=\"http:\/\/www.youtube.com\/watch?v=Jyk4EtHnt9Q&amp;t=211\">03:31<\/a>]:<\/p>\n\n\n\n<ul class=\"wp-block-list\">\n<li><strong>No Sistema Digital (PJe):<\/strong> O prazo come\u00e7a um dia \u00fatil ap\u00f3s o perito clicar em &#8220;dar ci\u00eancia&#8221; no sistema [<a href=\"http:\/\/www.youtube.com\/watch?v=Jyk4EtHnt9Q&amp;t=222\" target=\"_blank\" rel=\"noreferrer noopener\">03:42<\/a>].<\/li>\n\n\n\n<li><strong>Via Correios (Carta\/AR):<\/strong> O prazo inicia um dia ap\u00f3s o Aviso de Recebimento (AR) ser protocolado nos autos do processo, e n\u00e3o necessariamente no dia em que o perito assinou o documento na porta de casa [<a href=\"http:\/\/www.youtube.com\/watch?v=Jyk4EtHnt9Q&amp;t=253\" target=\"_blank\" rel=\"noreferrer noopener\">04:13<\/a>].<\/li>\n<\/ul>\n<\/blockquote>\n\n\n\n<hr class=\"wp-block-separator has-alpha-channel-opacity\"\/>\n\n\n\n<h2 class=\"wp-block-heading\">Diagrama explicativo<\/h2>\n\n\n\n<figure class=\"wp-block-image size-large\"><img loading=\"lazy\" decoding=\"async\" width=\"1024\" height=\"572\" src=\"https:\/\/periciajudicial.zsistemas.com.br\/wp-content\/uploads\/2026\/01\/image-17-1024x572.png\" alt=\"\" class=\"wp-image-5033\" srcset=\"https:\/\/periciajudicial.zsistemas.com.br\/wp-content\/uploads\/2026\/01\/image-17-1024x572.png 1024w, https:\/\/periciajudicial.zsistemas.com.br\/wp-content\/uploads\/2026\/01\/image-17-300x167.png 300w, https:\/\/periciajudicial.zsistemas.com.br\/wp-content\/uploads\/2026\/01\/image-17-768x429.png 768w, https:\/\/periciajudicial.zsistemas.com.br\/wp-content\/uploads\/2026\/01\/image-17-1536x857.png 1536w, https:\/\/periciajudicial.zsistemas.com.br\/wp-content\/uploads\/2026\/01\/image-17-2048x1143.png 2048w\" sizes=\"auto, (max-width: 1024px) 100vw, 1024px\" \/><\/figure>\n\n\n\n<hr class=\"wp-block-separator has-alpha-channel-opacity\"\/>\n\n\n\n<h3 class=\"wp-block-heading\">Forma de contagem: dias \u00fateis, e n\u00e3o corridos<\/h3>\n\n\n\n<p>Outro aspecto essencial diz respeito \u00e0 forma de contagem do prazo. O C\u00f3digo de Processo Civil, em seu artigo 219, estabelece que os prazos processuais devem ser contados exclusivamente em dias \u00fateis, salvo disposi\u00e7\u00e3o expressa em contr\u00e1rio. Como n\u00e3o h\u00e1 exce\u00e7\u00e3o quanto ao prazo para apresenta\u00e7\u00e3o da proposta de honor\u00e1rios periciais, aplica-se a regra geral.<\/p>\n\n\n\n<p>Assim, n\u00e3o se contam s\u00e1bados, domingos, feriados nacionais, estaduais ou locais, nem dias em que n\u00e3o h\u00e1 expediente forense. A contagem se inicia no primeiro dia \u00fatil seguinte ao cumprimento da intima\u00e7\u00e3o e se encerra no \u00faltimo dia \u00fatil do prazo.<\/p>\n\n\n\n<p>Por exemplo, se a intima\u00e7\u00e3o for considerada cumprida em uma quinta-feira, o primeiro dia do prazo ser\u00e1 a sexta-feira. Se n\u00e3o houver feriado, o segundo dia ser\u00e1 a segunda-feira seguinte, e assim sucessivamente, at\u00e9 completar cinco dias \u00fateis. Essa regra protege o perito contra preju\u00edzos decorrentes da inatividade administrativa do Poder Judici\u00e1rio em fins de semana e feriados.<\/p>\n\n\n\n<blockquote class=\"wp-block-quote is-layout-flow wp-block-quote-is-layout-flow\">\n<p>Seguindo as regras do CPC para prazos processuais, os 5 dias s\u00e3o contados em <strong>dias \u00fateis<\/strong> [<a target=\"_blank\" rel=\"noreferrer noopener\" href=\"http:\/\/www.youtube.com\/watch?v=Jyk4EtHnt9Q&amp;t=301\">05:01<\/a>].<\/p>\n\n\n\n<ul class=\"wp-block-list\">\n<li><strong>Exemplo Pr\u00e1tico:<\/strong> Se o cumprimento da intima\u00e7\u00e3o ocorre na quinta-feira, o primeiro dia do prazo \u00e9 a sexta-feira. S\u00e1bado e domingo n\u00e3o contam. O prazo final ser\u00e1 na quinta-feira da semana seguinte [<a href=\"http:\/\/www.youtube.com\/watch?v=Jyk4EtHnt9Q&amp;t=313\" target=\"_blank\" rel=\"noreferrer noopener\">05:13<\/a>].<\/li>\n<\/ul>\n<\/blockquote>\n\n\n\n<hr class=\"wp-block-separator has-alpha-channel-opacity\"\/>\n\n\n\n<h2 class=\"wp-block-heading\">Apresenta\u00e7\u00e3o explicativa<\/h2>\n\n\n\n<figure class=\"wp-block-embed is-type-video is-provider-youtube wp-block-embed-youtube wp-embed-aspect-16-9 wp-has-aspect-ratio\"><div class=\"wp-block-embed__wrapper\">\n<iframe loading=\"lazy\" title=\"5 Cinco dias para apresentar proposta de honor\u00e1rios\" width=\"910\" height=\"512\" src=\"https:\/\/www.youtube.com\/embed\/su5gKP1N0dY?feature=oembed\" frameborder=\"0\" allow=\"accelerometer; autoplay; clipboard-write; encrypted-media; gyroscope; picture-in-picture; web-share\" referrerpolicy=\"strict-origin-when-cross-origin\" allowfullscreen><\/iframe>\n<\/div><\/figure>\n\n\n\n<hr class=\"wp-block-separator has-alpha-channel-opacity\"\/>\n\n\n\n<h3 class=\"wp-block-heading\">Possibilidade de prorroga\u00e7\u00e3o do prazo<\/h3>\n\n\n\n<p>Embora o prazo de cinco dias seja a regra, ele n\u00e3o deve ser interpretado de forma absoluta ou inflex\u00edvel. O pr\u00f3prio sistema processual admite a possibilidade de dila\u00e7\u00e3o, desde que haja justificativa plaus\u00edvel e manifesta\u00e7\u00e3o expressa do perito ao ju\u00edzo.<\/p>\n\n\n\n<p>Em processos volumosos, com centenas ou milhares de p\u00e1ginas, ou em causas de alta complexidade t\u00e9cnica, \u00e9 plenamente razo\u00e1vel que o perito n\u00e3o consiga, em apenas cinco dias \u00fateis, analisar adequadamente os autos para formular uma proposta de honor\u00e1rios justa, proporcional e tecnicamente fundamentada. Nesses casos, recomenda-se que o perito peticione ao juiz informando que aceita o encargo, mas solicita a amplia\u00e7\u00e3o do prazo para melhor exame dos documentos.<\/p>\n\n\n\n<p>A pr\u00e1tica forense demonstra que, na grande maioria das situa\u00e7\u00f5es, os magistrados deferem esse pedido, justamente porque compreendem que uma proposta apressada pode resultar em honor\u00e1rios inadequados, impugna\u00e7\u00f5es posteriores, retrabalho ou at\u00e9 preju\u00edzo \u00e0 qualidade da per\u00edcia. Assim, a prorroga\u00e7\u00e3o do prazo n\u00e3o representa falta de dilig\u00eancia, mas, ao contr\u00e1rio, demonstra zelo profissional e compromisso com a adequada presta\u00e7\u00e3o do servi\u00e7o t\u00e9cnico.<\/p>\n\n\n\n<blockquote class=\"wp-block-quote is-layout-flow wp-block-quote-is-layout-flow\">\n<p>Sim. Caso o processo seja muito volumoso (ex: mais de 600 p\u00e1ginas), o perito pode peticionar ao juiz informando que aceita o encargo, mas solicita a extrapola\u00e7\u00e3o do prazo por mais alguns dias para analisar os autos adequadamente antes de fixar o valor [<a target=\"_blank\" rel=\"noreferrer noopener\" href=\"http:\/\/www.youtube.com\/watch?v=Jyk4EtHnt9Q&amp;t=334\">05:34<\/a>]. Geralmente, os ju\u00edzes autorizam essa dila\u00e7\u00e3o sem problemas [<a target=\"_blank\" rel=\"noreferrer noopener\" href=\"http:\/\/www.youtube.com\/watch?v=Jyk4EtHnt9Q&amp;t=360\">06:00<\/a>].<\/p>\n\n\n\n<p>###Dicas de Ouro para Peritos<\/p>\n\n\n\n<ul class=\"wp-block-list\">\n<li><strong>Calculadora de Honor\u00e1rios:<\/strong> Para quem tem dificuldade em precificar, o autor sugere o uso de ferramentas de simula\u00e7\u00e3o para garantir que a proposta seja justa e t\u00e9cnica [<a href=\"http:\/\/www.youtube.com\/watch?v=Jyk4EtHnt9Q&amp;t=95\" target=\"_blank\" rel=\"noreferrer noopener\">01:35<\/a>].<\/li>\n\n\n\n<li><strong>Networking:<\/strong> Participar de comunidades e grupos de peritos ajuda a entender a pr\u00e1tica cotidiana das varas judiciais [<a href=\"http:\/\/www.youtube.com\/watch?v=Jyk4EtHnt9Q&amp;t=49\" target=\"_blank\" rel=\"noreferrer noopener\">00:49<\/a>].<\/li>\n<\/ul>\n<\/blockquote>\n\n\n\n<h3 class=\"wp-block-heading\">A relev\u00e2ncia pr\u00e1tica da proposta de honor\u00e1rios<\/h3>\n\n\n\n<p>Mais do que cumprir um prazo formal, o perito deve compreender que a proposta de honor\u00e1rios \u00e9 um instrumento de prote\u00e7\u00e3o jur\u00eddica, t\u00e9cnica e econ\u00f4mica. \u00c9 nela que se delimitam as atividades inclu\u00eddas, os limites do escopo pericial, as etapas do trabalho e, quando cab\u00edvel, as exclus\u00f5es ou condi\u00e7\u00f5es espec\u00edficas, como a necessidade de honor\u00e1rios complementares em caso de quesitos adicionais, dilig\u00eancias extras ou novas per\u00edcias.<\/p>\n\n\n\n<p>Uma proposta mal elaborada, apressada ou sem an\u00e1lise adequada dos autos pode gerar disputas, impugna\u00e7\u00f5es, redu\u00e7\u00e3o indevida do valor arbitrado ou exig\u00eancia de trabalho n\u00e3o remunerado. Por isso, o correto entendimento do prazo legal, aliado \u00e0 an\u00e1lise criteriosa do processo, constitui elemento essencial da boa pr\u00e1tica pericial.<\/p>\n\n\n\n<hr class=\"wp-block-separator has-alpha-channel-opacity\"\/>\n\n\n\n<h2 class=\"wp-block-heading\">Conclus\u00e3o<\/h2>\n\n\n\n<p>O prazo de cinco dias para apresenta\u00e7\u00e3o da proposta de honor\u00e1rios periciais n\u00e3o \u00e9 um simples dado burocr\u00e1tico, mas um elemento estruturante da atua\u00e7\u00e3o do perito judicial. Sua correta compreens\u00e3o exige distinguir com precis\u00e3o o despacho de nomea\u00e7\u00e3o da intima\u00e7\u00e3o, identificar o marco inicial da contagem, aplicar a regra dos dias \u00fateis e reconhecer as hip\u00f3teses leg\u00edtimas de prorroga\u00e7\u00e3o.<\/p>\n\n\n\n<p>Ao dominar esses aspectos, o perito n\u00e3o apenas evita nulidades, preclus\u00f5es ou substitui\u00e7\u00f5es, como tamb\u00e9m assegura condi\u00e7\u00f5es adequadas para formular uma proposta t\u00e9cnica, proporcional e juridicamente defens\u00e1vel. Assim, o respeito ao prazo, aliado \u00e0 sua correta interpreta\u00e7\u00e3o, transforma-se em instrumento de prote\u00e7\u00e3o profissional, fortalecimento da credibilidade t\u00e9cnica e contribui\u00e7\u00e3o efetiva \u00e0 qualidade da prova pericial no processo judicial.<\/p>\n\n\n\n<hr class=\"wp-block-separator has-alpha-channel-opacity\"\/>\n\n\n\n<h2 class=\"wp-block-heading\">Infogr\u00e1fico explicativo<\/h2>\n\n\n\n<div data-wp-interactive=\"core\/file\" class=\"wp-block-file\"><object data-wp-bind--hidden=\"!state.hasPdfPreview\" hidden class=\"wp-block-file__embed\" data=\"https:\/\/periciajudicial.zsistemas.com.br\/wp-content\/uploads\/2026\/01\/5-Cinco-dias-para-apresentar-proposta-de-honorarios.pdf\" type=\"application\/pdf\" style=\"width:100%;height:600px\" aria-label=\"Incorporado de 5 Cinco dias para apresentar proposta de honor\u00e1rios.\"><\/object><a id=\"wp-block-file--media-797762d2-34d7-4261-ac54-3eb757ee7b33\" href=\"https:\/\/periciajudicial.zsistemas.com.br\/wp-content\/uploads\/2026\/01\/5-Cinco-dias-para-apresentar-proposta-de-honorarios.pdf\">5 Cinco dias para apresentar proposta de honor\u00e1rios<\/a><a href=\"https:\/\/periciajudicial.zsistemas.com.br\/wp-content\/uploads\/2026\/01\/5-Cinco-dias-para-apresentar-proposta-de-honorarios.pdf\" class=\"wp-block-file__button wp-element-button\" download aria-describedby=\"wp-block-file--media-797762d2-34d7-4261-ac54-3eb757ee7b33\">Baixar<\/a><\/div>\n\n\n\n<hr class=\"wp-block-separator has-alpha-channel-opacity\"\/>\n\n\n\n<h2 class=\"wp-block-heading\">Teste seu conhecimento respondendo a este QUIZ<\/h2>\n\n\n\n<!DOCTYPE html>\n<html lang=\"pt-BR\">\n<head>\n    <meta charset=\"UTF-8\">\n    <title>Quiz Pericial \u2013 Prazos e Intima\u00e7\u00e3o<\/title>\n    <style>\n        body {\n            font-family: Arial, sans-serif;\n            background-color: #f2f2f2;\n            padding: 20px;\n            font-size: 14px;\n        }\n\n        .quiz-container {\n            background: #ffffff;\n            padding: 20px;\n            max-width: 900px;\n            margin: auto;\n            border-radius: 8px;\n            box-shadow: 0 0 10px rgba(0,0,0,0.1);\n        }\n\n        h2 {\n            font-size: 18px;\n        }\n\n        .question {\n            margin-bottom: 15px;\n        }\n\n        .option {\n            padding: 8px;\n            margin: 5px 0;\n            background-color: #eaeaea;\n            border-radius: 5px;\n            cursor: pointer;\n        }\n\n        .option.correct {\n            background-color: #b6e7b6;\n            color: #0b4f0b;\n        }\n\n        .option.wrong {\n            background-color: #f2b6b6;\n            color: #7a0b0b;\n        }\n\n        .progress-container {\n            width: 100%;\n            background-color: #ddd;\n            border-radius: 10px;\n            margin-bottom: 15px;\n            overflow: hidden;\n        }\n\n        .progress-bar {\n            height: 15px;\n            width: 0%;\n            background-color: #4caf50;\n        }\n\n        .scoreboard {\n            margin-top: 15px;\n            font-weight: bold;\n        }\n\n        .result {\n            margin-top: 25px;\n            padding: 15px;\n            background-color: #eef;\n            border-radius: 8px;\n            display: none;\n        }\n    <\/style>\n<\/head>\n<body>\n\n<div class=\"quiz-container\">\n    <h2>Quiz \u2013 Prazos e Intima\u00e7\u00e3o do Perito<\/h2>\n\n    <div class=\"progress-container\">\n        <div id=\"progressBar\" class=\"progress-bar\"><\/div>\n    <\/div>\n\n    <div id=\"quiz\"><\/div>\n\n    <div class=\"scoreboard\">\n        Acertos: <span id=\"correctCount\">0<\/span> |\n        Erros: <span id=\"wrongCount\">0<\/span>\n    <\/div>\n\n    <div id=\"finalResult\" class=\"result\"><\/div>\n<\/div>\n\n<script>\nconst quizData = [\n    {\n        question: \"De acordo com o C\u00f3digo de Processo Civil (CPC), qual \u00e9 o prazo padr\u00e3o para o perito apresentar sua proposta de honor\u00e1rios?\",\n        options: [\n            \"A. 15 dias \u00fateis\",\n            \"B. 10 dias corridos\",\n            \"C. 5 dias corridos\",\n            \"D. 5 dias \u00fateis\"\n        ],\n        correct: 3\n    },\n    {\n        question: \"No processo digital (como o PJe), em que momento exato se considera cumprida a intima\u00e7\u00e3o para in\u00edcio da contagem do prazo?\",\n        options: [\n            \"A. Um dia ap\u00f3s a libera\u00e7\u00e3o do processo pelo escriv\u00e3o\",\n            \"B. No momento em que o perito clica em 'ciente' no sistema\",\n            \"C. Imediatamente quando o juiz aperta o bot\u00e3o de nomea\u00e7\u00e3o\",\n            \"D. No momento da publica\u00e7\u00e3o do despacho de nomea\u00e7\u00e3o\"\n        ],\n        correct: 1\n    },\n    {\n        question: \"Se a intima\u00e7\u00e3o for realizada por meio f\u00edsico (carta\/correios), quando o prazo de 5 dias efetivamente come\u00e7a a contar?\",\n        options: [\n            \"A. No dia em que o perito assina o recebimento da carta em m\u00e3os\",\n            \"B. No dia seguinte ao protocolo do retorno do AR (Aviso de Recebimento) nos autos\",\n            \"C. 5 dias ap\u00f3s a postagem da carta pelo tribunal\",\n            \"D. No momento em que o carteiro faz a entrega no endere\u00e7o cadastrado\"\n        ],\n        correct: 1\n    },\n    {\n        question: \"Qual \u00e9 a finalidade do 'despacho de nomea\u00e7\u00e3o' emitido pelo juiz?\",\n        options: [\n            \"A. Finalizar a fase de produ\u00e7\u00e3o de provas do processo\",\n            \"B. Iniciar automaticamente a contagem dos 5 dias para o perito\",\n            \"C. Comunicar ao escriv\u00e3o para que este realize a intima\u00e7\u00e3o do perito\",\n            \"D. Servir como aprova\u00e7\u00e3o imediata dos honor\u00e1rios propostos\"\n        ],\n        correct: 2\n    },\n    {\n        question: \"Caso o perito identifique que o processo \u00e9 muito complexo (ex: mais de 600 p\u00e1ginas), o que ele deve fazer em rela\u00e7\u00e3o ao prazo?\",\n        options: [\n            \"A. Aguardar o prazo vencer para que o juiz conceda mais tempo automaticamente\",\n            \"B. Protocolar apenas o laudo final dentro dos 5 dias\",\n            \"C. Entregar a proposta no primeiro dia sem ler todo o processo\",\n            \"D. Apresentar uma peti\u00e7\u00e3o de aceite solicitando a dila\u00e7\u00e3o (extens\u00e3o) do prazo\"\n        ],\n        correct: 3\n    },\n    {\n        question: \"Se a intima\u00e7\u00e3o for cumprida em uma quinta-feira, qual ser\u00e1 o primeiro dia de contagem do prazo?\",\n        options: [\n            \"A. Quinta-feira\",\n            \"B. S\u00e1bado\",\n            \"C. Sexta-feira\",\n            \"D. Segunda-feira\"\n        ],\n        correct: 2\n    }\n];\n\nlet currentIndex = 0;\nlet correctCount = 0;\nlet wrongCount = 0;\n\nconst quizContainer = document.getElementById(\"quiz\");\nconst progressBar = document.getElementById(\"progressBar\");\nconst correctSpan = document.getElementById(\"correctCount\");\nconst wrongSpan = document.getElementById(\"wrongCount\");\nconst finalResult = document.getElementById(\"finalResult\");\n\nfunction loadQuestion() {\n    quizContainer.innerHTML = \"\";\n\n    if (currentIndex >= quizData.length) {\n        showFinalResult();\n        return;\n    }\n\n    const q = quizData[currentIndex];\n\n    const questionDiv = document.createElement(\"div\");\n    questionDiv.className = \"question\";\n    questionDiv.innerHTML = `<strong>${currentIndex + 1}. ${q.question}<\/strong>`;\n    quizContainer.appendChild(questionDiv);\n\n    q.options.forEach((option, index) => {\n        const optionDiv = document.createElement(\"div\");\n        optionDiv.className = \"option\";\n        optionDiv.textContent = option;\n        optionDiv.onclick = () => selectAnswer(optionDiv, index);\n        quizContainer.appendChild(optionDiv);\n    });\n\n    updateProgress();\n}\n\nfunction selectAnswer(selectedOption, selectedIndex) {\n    const q = quizData[currentIndex];\n    const options = document.querySelectorAll(\".option\");\n\n    options.forEach((opt, idx) => {\n        opt.onclick = null;\n        if (idx === q.correct) {\n            opt.classList.add(\"correct\");\n        }\n        if (idx === selectedIndex && selectedIndex !== q.correct) {\n            opt.classList.add(\"wrong\");\n        }\n    });\n\n    if (selectedIndex === q.correct) {\n        correctCount++;\n    } else {\n        wrongCount++;\n    }\n\n    correctSpan.textContent = correctCount;\n    wrongSpan.textContent = wrongCount;\n\n    setTimeout(() => {\n        currentIndex++;\n        loadQuestion();\n    }, 1200);\n}\n\nfunction updateProgress() {\n    const progress = ((currentIndex) \/ quizData.length) * 100;\n    progressBar.style.width = progress + \"%\";\n}\n\nfunction showFinalResult() {\n    progressBar.style.width = \"100%\";\n    finalResult.style.display = \"block\";\n    finalResult.innerHTML = `\n        <h3>Relat\u00f3rio Final<\/h3>\n        <p>Total de quest\u00f5es: ${quizData.length}<\/p>\n        <p>Acertos: ${correctCount}<\/p>\n        <p>Erros: ${wrongCount}<\/p>\n        <p>Percentual de aproveitamento: ${(correctCount \/ quizData.length * 100).toFixed(2)}%<\/p>\n        <p><strong>Status:<\/strong> ${correctCount >= quizData.length * 0.7 ? \"Aprovado\" : \"Recomendado revisar o conte\u00fado\"}<\/p>\n    `;\n}\n\nloadQuestion();\n<\/script>\n\n<\/body>\n<\/html>\n\n\n\n\n<hr class=\"wp-block-separator has-alpha-channel-opacity\"\/>\n\n\n\n<h2 class=\"wp-block-heading\">LINKS IMPORTANTES<\/h2>\n\n\n\n<div class=\"wp-block-media-text is-stacked-on-mobile\" style=\"grid-template-columns:16% auto\"><figure class=\"wp-block-media-text__media\"><img loading=\"lazy\" decoding=\"async\" width=\"600\" height=\"600\" src=\"http:\/\/periciajudicial.zsistemas.com.br\/wp-content\/uploads\/2025\/04\/Produto-600x600-1.jpg\" alt=\"\" class=\"wp-image-4076 size-full\" srcset=\"https:\/\/periciajudicial.zsistemas.com.br\/wp-content\/uploads\/2025\/04\/Produto-600x600-1.jpg 600w, https:\/\/periciajudicial.zsistemas.com.br\/wp-content\/uploads\/2025\/04\/Produto-600x600-1-300x300.jpg 300w, https:\/\/periciajudicial.zsistemas.com.br\/wp-content\/uploads\/2025\/04\/Produto-600x600-1-150x150.jpg 150w\" sizes=\"auto, (max-width: 600px) 100vw, 600px\" \/><\/figure><div class=\"wp-block-media-text__content\">\n<p>Nosso curso: <a href=\"https:\/\/fala.host\/curso\" target=\"_blank\" rel=\"noopener\" title=\"\">https:\/\/fala.host\/curso<br><\/a>Nosso canal: <a href=\"https:\/\/www.youtube.com\/@PericiaJudicial\" target=\"_blank\" rel=\"noreferrer noopener\">https:\/\/www.youtube.com\/@PericiaJudicial<\/a><br>Nossos grupos: <a href=\"https:\/\/fala.host\/grupos\">https:\/\/fala.host\/grupos<\/a><br>Laudos e artigos: <a href=\"https:\/\/periciajudicial.zsistemas.com.br\/\">https:\/\/periciajudicial.zsistemas.com.br <\/a><br>Cart\u00e3o de visitas: <a href=\"https:\/\/fala.host\/C\/Perito\">https:\/\/fala.host\/C\/Perito<\/a><\/p>\n<\/div><\/div>\n\n\n\n<p>Calculadora de honor\u00e1rios online: <a aria-label=\"https:\/\/fala.host\/calculadoradehonorarios (opens in a new tab)\" href=\"https:\/\/fala.host\/calculadoradehonorarios\" target=\"_blank\" rel=\"noreferrer noopener\">https:\/\/fala.host\/calculadoradehonorarios<\/a><br>Cadastre-se em nosso Banco de Peritos: <br><a href=\"https:\/\/fala.host\/bancodeperitos\">https:\/\/fala.host\/bancodeperitos<\/a><br>Quem indica: <a aria-label=\"https:\/\/fala.host\/quemindica (opens in a new tab)\" href=\"https:\/\/fala.host\/quemindica\" target=\"_blank\" rel=\"noreferrer noopener\">https:\/\/fala.host\/quemindica<\/a><br>5 Passos de como se tornar um Perito Judicial: <a href=\"https:\/\/periciajudicial.zsistemas.com.br\/index.php\/2023\/09\/27\/5-cinco-passos-para-se-tornar-um-perito-judicial\">https:\/\/periciajudicial.zsistemas.com.br\/index.php\/2023\/09\/27\/5-cinco-passos-para-se-tornar-um-perito-judicial<\/a><br>Crie o seu cart\u00e3o de visitas virtual gr\u00e1tis: <br><a href=\"https:\/\/fala.host\/cartao\">https:\/\/fala.host\/cartao<\/a><br>#periciajudicial #periciaextrajudicial #pericia #peritos #objetopericial #investiga\u00e7\u00e3o #assistentet\u00e9cnico #CREA #NBR #abnt #engenharia #engenheiro<\/p>\n","protected":false},"excerpt":{"rendered":"<p>Escute o podcast explicado por IA Introdu\u00e7\u00e3o A proposta de honor\u00e1rios periciais constitui um dos atos mais relevantes na atua\u00e7\u00e3o do perito judicial, pois \u00e9<\/p>\n","protected":false},"author":1,"featured_media":5031,"comment_status":"open","ping_status":"open","sticky":false,"template":"","format":"standard","meta":{"om_disable_all_campaigns":false,"_monsterinsights_skip_tracking":false,"_monsterinsights_sitenote_active":false,"_monsterinsights_sitenote_note":"","_monsterinsights_sitenote_category":0,"footnotes":""},"categories":[1],"tags":[],"class_list":["post-5030","post","type-post","status-publish","format-standard","has-post-thumbnail","hentry","category-cursodepericia"],"aioseo_notices":[],"_links":{"self":[{"href":"https:\/\/periciajudicial.zsistemas.com.br\/index.php\/wp-json\/wp\/v2\/posts\/5030","targetHints":{"allow":["GET"]}}],"collection":[{"href":"https:\/\/periciajudicial.zsistemas.com.br\/index.php\/wp-json\/wp\/v2\/posts"}],"about":[{"href":"https:\/\/periciajudicial.zsistemas.com.br\/index.php\/wp-json\/wp\/v2\/types\/post"}],"author":[{"embeddable":true,"href":"https:\/\/periciajudicial.zsistemas.com.br\/index.php\/wp-json\/wp\/v2\/users\/1"}],"replies":[{"embeddable":true,"href":"https:\/\/periciajudicial.zsistemas.com.br\/index.php\/wp-json\/wp\/v2\/comments?post=5030"}],"version-history":[{"count":2,"href":"https:\/\/periciajudicial.zsistemas.com.br\/index.php\/wp-json\/wp\/v2\/posts\/5030\/revisions"}],"predecessor-version":[{"id":5037,"href":"https:\/\/periciajudicial.zsistemas.com.br\/index.php\/wp-json\/wp\/v2\/posts\/5030\/revisions\/5037"}],"wp:featuredmedia":[{"embeddable":true,"href":"https:\/\/periciajudicial.zsistemas.com.br\/index.php\/wp-json\/wp\/v2\/media\/5031"}],"wp:attachment":[{"href":"https:\/\/periciajudicial.zsistemas.com.br\/index.php\/wp-json\/wp\/v2\/media?parent=5030"}],"wp:term":[{"taxonomy":"category","embeddable":true,"href":"https:\/\/periciajudicial.zsistemas.com.br\/index.php\/wp-json\/wp\/v2\/categories?post=5030"},{"taxonomy":"post_tag","embeddable":true,"href":"https:\/\/periciajudicial.zsistemas.com.br\/index.php\/wp-json\/wp\/v2\/tags?post=5030"}],"curies":[{"name":"wp","href":"https:\/\/api.w.org\/{rel}","templated":true}]}}