{"id":584,"date":"2020-04-17T13:12:56","date_gmt":"2020-04-17T16:12:56","guid":{"rendered":"http:\/\/periciajudicial.zsistemas.com.br\/?p=584"},"modified":"2020-04-17T13:14:02","modified_gmt":"2020-04-17T16:14:02","slug":"competencia-no-laudo-pericial","status":"publish","type":"post","link":"https:\/\/periciajudicial.zsistemas.com.br\/index.php\/2020\/04\/17\/competencia-no-laudo-pericial\/","title":{"rendered":"Compet\u00eancia no laudo pericial"},"content":{"rendered":"\n<div class=\"wp-block-image\"><figure class=\"alignleft is-resized\"><img loading=\"lazy\" decoding=\"async\" src=\"http:\/\/periciajudicial.zsistemas.com.br\/wp-content\/uploads\/2020\/04\/curriculo.jpg\" alt=\"\" class=\"wp-image-588\" width=\"215\" height=\"253\" srcset=\"https:\/\/periciajudicial.zsistemas.com.br\/wp-content\/uploads\/2020\/04\/curriculo.jpg 622w, https:\/\/periciajudicial.zsistemas.com.br\/wp-content\/uploads\/2020\/04\/curriculo-254x300.jpg 254w\" sizes=\"auto, (max-width: 215px) 100vw, 215px\" \/><\/figure><\/div>\n\n\n\n<p>Como a pr\u00f3pria denomina\u00e7\u00e3o demonstra, o Perito ser\u00e1 um ex\u00edmio conhecedor do <a rel=\"noreferrer noopener\" aria-label=\"objeto da prova (abre numa nova aba)\" href=\"http:\/\/periciajudicial.zsistemas.com.br\/index.php\/2020\/03\/22\/objeto-da-pericia\/\" target=\"_blank\">objeto da prova<\/a>, isto \u00e9, precisa ter conhecimento avan\u00e7ado no tema que periciar\u00e1.<\/p>\n\n\n\n<p>O pr\u00f3prio <a rel=\"noreferrer noopener\" aria-label=\"CPC\/2015 (abre numa nova aba)\" href=\"http:\/\/www.planalto.gov.br\/ccivil_03\/_ato2015-2018\/2015\/lei\/l13105.htm\" target=\"_blank\">CPC\/2015<\/a> (C\u00f3digo de Processo Civil), parte do ordenamento jur\u00eddico que regulamenta o andamento processual, em seu art. 465, deixa bem claro que a vontade do legislador era conduzir o Juiz a nomear Peritos especializados no objeto a ser periciado.<\/p>\n\n\n\n<blockquote class=\"wp-block-quote is-layout-flow wp-block-quote-is-layout-flow\"><p>Art. 465. O juiz nomear\u00e1 perito especializado no objeto da per\u00edcia e fixar\u00e1 de imediato o prazo para a entrega do laudo.<\/p><cite><a rel=\"noreferrer noopener\" href=\"http:\/\/www.planalto.gov.br\/ccivil_03\/_ato2015-2018\/2015\/lei\/l13105.htm\" target=\"_blank\">(CPC\/2015<\/a>)<\/cite><\/blockquote>\n\n\n\n<p>Importante frisar que \u00e9 direito e responsabilidade das PARTES (Autor e R\u00e9u), deliberar sobre o impedimento do Perito, podendo impugn\u00e1-lo por incompet\u00eancia, se for o caso.<\/p>\n\n\n\n<blockquote class=\"wp-block-quote is-layout-flow wp-block-quote-is-layout-flow\"><p>\u00a7 1\u00ba Incumbe \u00e0s partes, dentro de 15 (quinze) dias contados da intima\u00e7\u00e3o do despacho de nomea\u00e7\u00e3o do perito:<\/p><p>I &#8211; arguir o impedimento ou a suspei\u00e7\u00e3o do perito, se for o caso;<\/p><cite>Art. 465 do <a rel=\"noreferrer noopener\" href=\"http:\/\/www.planalto.gov.br\/ccivil_03\/_ato2015-2018\/2015\/lei\/l13105.htm\" target=\"_blank\">(CPC\/2015<\/a>)<\/cite><\/blockquote>\n\n\n\n<p>No mesmo art. 465 fica objetivo e cristalino a apresenta\u00e7\u00e3o do curr\u00edculo do Perito, comprovando sua especialidade na \u00e1rea.<\/p>\n\n\n\n<blockquote class=\"wp-block-quote is-layout-flow wp-block-quote-is-layout-flow\"><p>\u00a7 2\u00ba Ciente da nomea\u00e7\u00e3o, o perito apresentar\u00e1 em 5 (cinco) dias:<\/p><p>I &#8211; proposta de honor\u00e1rios;<\/p><p>II &#8211; curr\u00edculo, com comprova\u00e7\u00e3o de especializa\u00e7\u00e3o;<\/p><cite>Art. 465 do <a rel=\"noreferrer noopener\" href=\"http:\/\/www.planalto.gov.br\/ccivil_03\/_ato2015-2018\/2015\/lei\/l13105.htm\" target=\"_blank\">(CPC\/2015<\/a>) <\/cite><\/blockquote>\n\n\n\n<p>Por fim \u00e9 cedi\u00e7o a necessidade da apresenta\u00e7\u00e3o do curr\u00edculo do Perito, principalmente na fase proponente de honor\u00e1rios, demonstrando suas especialidades e compet\u00eancias, isto \u00e9, \u00e9 necess\u00e1rio que al\u00e9m do curr\u00edculo o Perito apresente o documento que prova sua aptid\u00e3o: o certificado ou diploma. <\/p>\n\n\n\n<p>Apesar da lei determinar a apresenta\u00e7\u00e3o da compet\u00eancia no momento da apresenta\u00e7\u00e3o dos honor\u00e1rios, n\u00e3o \u00e9 menos importante a apresenta\u00e7\u00e3o do curr\u00edculo tamb\u00e9m no laudo pericial, haja vista ser este um documento independente que pode inclusive ser utilizado como fonte em outras per\u00edcias. Desta forma como transportar um laudo para outro processo se o mesmo n\u00e3o prova a compet\u00eancia do Perito? Assim demonstramos um exemplo de como apresentar suas compet\u00eancias de forma bem descritiva e objetiva.<\/p>\n\n\n\n<h2 class=\"wp-block-heading\">Exemplo de apresenta\u00e7\u00e3o de compet\u00eancia<\/h2>\n\n\n\n<ol class=\"wp-block-list\"><li> <strong>DA COMPET\u00caNCIA<\/strong> <\/li><\/ol>\n\n\n\n<p>Inicialmente vem este Perito esclarecer que esta per\u00edcia \u00e9 composta e complexa. Composta por demandar duas forma\u00e7\u00f5es acad\u00eamicas espec\u00edficas para o objeto pericial, sendo engenharia el\u00e9trica (alternador\/gerador e partes el\u00e9tricas) em concomit\u00e2ncia com engenharia mec\u00e2nica (motor e partes mec\u00e2nicas), que capacita os graduados, entre outras atribui\u00e7\u00f5es, a vistoria, auditoria e per\u00edcia. Por\u00e9m o engenheiro de Controle e Automa\u00e7\u00e3o possui essas duas habilita\u00e7\u00f5es, podendo suprir a necessidade das duas gradua\u00e7\u00f5es. Complexa pois demanda a coleta, exame e an\u00e1lise de dados detalhados. Vem, portanto, o Perito apresentar suas gradua\u00e7\u00f5es:<\/p>\n\n\n\n<ul class=\"wp-block-list\"><li>\n\n\tO Perito designado \u00e0s fls.\n\tfoi graduado em 2007 engenheiro de controle e automa\u00e7\u00e3o, com\n\thabilita\u00e7\u00e3o em desenvolvimento, implanta\u00e7\u00e3o e manuten\u00e7\u00e3o em\n\tsistemas de controle e automa\u00e7\u00e3o;\n\t<\/li><li>\n\n\tTamb\u00e9m foi graduado em 2009\n\tengenheiro eletricista, com habilita\u00e7\u00e3o em el\u00e9trica de pot\u00eancias,\n\teletr\u00f4nica e telecomunica\u00e7\u00e3o;\n\t<\/li><li>\n\n\tCursou o s\u00e9timo per\u00edodo de\n\tengenharia civil;\n<\/li><\/ul>\n\n\n\n<p> Tais gradua\u00e7\u00f5es o habilita completamente para realiza\u00e7\u00e3o dos trabalhos periciais do objeto da per\u00edcia, conforme descrito nas resolu\u00e7\u00f5es <a rel=\"noreferrer noopener\" aria-label=\"218\/73 (abre numa nova aba)\" href=\"https:\/\/normativos.confea.org.br\/downloads\/0218-73.pdf\" target=\"_blank\">218\/73<\/a> e <a rel=\"noreferrer noopener\" aria-label=\"1010\/05 (abre numa nova aba)\" href=\"https:\/\/normativos.confea.org.br\/ementas\/visualiza.asp?idEmenta=550\" target=\"_blank\">1010\/05<\/a> do <a href=\"http:\/\/www.confea.org.br\/\" target=\"_blank\" rel=\"noreferrer noopener\" aria-label=\"CONFEA (abre numa nova aba)\">CONFEA<\/a>, destacando desta \u00faltima o <a rel=\"noreferrer noopener\" aria-label=\"Anexo II (abre numa nova aba)\" href=\"https:\/\/normativos.confea.org.br\/downloads\/anexo\/1010-05.pdf\" target=\"_blank\">Anexo II<\/a>, os itens:  <\/p>\n\n\n\n<p><strong> \u201c1.2 \u2013 Campos de atua\u00e7\u00e3o profissional da modalidade de el\u00e9trica<\/strong><\/p>\n\n\n\n<p>\n\t1.2.1 Eletricidade Aplicada e Equipamentos Eletroeletr\u00f4nicos \n<\/p>\n\n\n\n<p>\n\t\t1.2.1.01.00 Eletromagnetismo \n<\/p>\n\n\n\n<p>\n\t\t1.2.1.02.00 Redes \n<\/p>\n\n\n\n<p>\n\t\t1.2.1.03.00 Tecnologia dos Materiais \n<\/p>\n\n\n\n<p>\n\t\t\t1.2.1.03.01 El\u00e9tricos \n<\/p>\n\n\n\n<p>\n\t\t\t1.2.1.03.02 Eletr\u00f4nicos \n<\/p>\n\n\n\n<p>\n\t\t\t1.2.1.03.03 Magn\u00e9ticos \n<\/p>\n\n\n\n<p>\n\t\t\t1.2.1.03.04 \u00d3pticos \n<\/p>\n\n\n\n<p>\n\t\t1.2.1.04.00 Fontes de Energia \n<\/p>\n\n\n\n<p>\n\t\t1.2.1.05.00 Convers\u00e3o de Energia \n<\/p>\n\n\n\n<p>\n\t\t1.2.1.06.00 M\u00e1quinas El\u00e9tricas \n<\/p>\n\n\n\n<p>\n\t\t1.2.1.07.00 Equipamentos El\u00e9tricos \n<\/p>\n\n\n\n<p>\n\t\t1.2.1.08.00 Dispositivos e Componentes da Engenharia e da Ind\u00fastria\nEletroeletr\u00f4nicas \n<\/p>\n\n\n\n<p>\n\t\t\t1.2.1.08.01 Mec\u00e2nicos \n<\/p>\n\n\n\n<p>\n\t\t\t1.2.1.08.02 El\u00e9tricos \n<\/p>\n\n\n\n<p>\n\t\t\t1.2.1.08.03 Eletro-eletr\u00f4nicos \n<\/p>\n\n\n\n<p>\n\t\t\t1.2.1.08.04 Magn\u00e9ticos \n<\/p>\n\n\n\n<p>\n\t\t\t1.2.1.08.05 \u00d3pticos \n<\/p>\n\n\n\n<p>\n\t\t1.2.1.09.00 Sistemas de Medi\u00e7\u00e3o \n<\/p>\n\n\n\n<p>\n\t\t\t1.2.1.09.01 El\u00e9trica \n<\/p>\n\n\n\n<p>\n\t\t\t1.2.1.09.02 Eletr\u00f4nica \n<\/p>\n\n\n\n<p>\n\t\t1.2.1.10.00 Instrumenta\u00e7\u00e3o \n<\/p>\n\n\n\n<p>\n\t\t\t1.2.1.10.01 El\u00e9trica \n<\/p>\n\n\n\n<p>\n\t\t\t1.2.1.10.02 Eletr\u00f4nica \n<\/p>\n\n\n\n<p>\n\t\t1.2.1.11.00 M\u00e9todos de Controle \n<\/p>\n\n\n\n<p>\n\t\t\t1.2.1.11.01 El\u00e9trico \n<\/p>\n\n\n\n<p>\n\t\t\t1.2.1.11.02 Eletr\u00f4nico \n<\/p>\n\n\n\n<p>\n\t\t1.2.1.12.00 Impactos Ambientais Energ\u00e9ticos \n<\/p>\n\n\n\n<p>\n\t\t\t1.2.1.12.01 Avalia\u00e7\u00e3o \n<\/p>\n\n\n\n<p>\n\t\t\t1.2.1.12.02 Monitoramento \n<\/p>\n\n\n\n<p>\n\t\t\t1.2.1.12.03 Mitiga\u00e7\u00e3o \n<\/p>\n\n\n\n<p>\n\t\t1.2.1.13.00 Impactos Ambientais Causados por Equipamentos\nEletro-Eletr\u00f4nicos \n<\/p>\n\n\n\n<p>\n\t\t\t1.2.1.13.01 Avalia\u00e7\u00e3o<\/p>\n\n\n\n<p>\n\t\t\t1.2.1.13.02 Monitoramento \n<\/p>\n\n\n\n<p>\n\t\t\t1.2.1.13.03 Mitiga\u00e7\u00e3o\u201d.<\/p>\n\n\n\n<p><strong> \u201c1.2 \u2013 Campos de atua\u00e7\u00e3o profissional da modalidade de el\u00e9trica<\/strong><\/p>\n\n\n\n<p>\n1.2.5 \u2013 Controle e\nautoma\u00e7\u00e3o:<\/p>\n\n\n\n<p>\n1.2.5.01.00 Sistemas \n<\/p>\n\n\n\n<p>\n1.2.5.01.01 Discretos \n<\/p>\n\n\n\n<p>\n1.2.5.01.02 Cont\u00ednuos \n<\/p>\n\n\n\n<p>\n1.2.5.02.00 M\u00e9todos e Processos de Controle \n<\/p>\n\n\n\n<p>\n1.2.5.02.01 Eletroeletr\u00f4nicos \n<\/p>\n\n\n\n<p>\n1.2.5.02.02 Eletromec\u00e2nicos \n<\/p>\n\n\n\n<p>\n1.2.5.03.00 M\u00e9todos e Processos de Automa\u00e7\u00e3o \n<\/p>\n\n\n\n<p>\n1.2.5.03.01 Eletroeletr\u00f4nicos \n<\/p>\n\n\n\n<p>\n1.2.5.03.02 Eletromec\u00e2nicos \n<\/p>\n\n\n\n<p>\n1.2.5.04.00 Controle L\u00f3gico-program\u00e1vel \n<\/p>\n\n\n\n<p>\n1.2.5.05.00 Automa\u00e7\u00e3o de Equipamentos \n<\/p>\n\n\n\n<p>\n1.2.5.06.00 Produ\u00e7\u00e3o \n<\/p>\n\n\n\n<p>\n1.2.5.06.01 Sistemas \n<\/p>\n\n\n\n<p>\n1.2.5.06.02 Processos \n<\/p>\n\n\n\n<p>\n1.2.5.06.03 Unidades \n<\/p>\n\n\n\n<p>\n1.2.5.07.00 Sistemas de Fabrica\u00e7\u00e3o \n<\/p>\n\n\n\n<p>\n1.2.5.07.01 Administra\u00e7\u00e3o<\/p>\n\n\n\n<p>\n1.2.5.07.02 Integra\u00e7\u00e3o<\/p>\n\n\n\n<p>\n1.2.5.07.03 Avalia\u00e7\u00e3o<\/p>\n\n\n\n<p>\n1.2.5.08.00 Dispositivos e Componentes nos Campos de Atua\u00e7\u00e3o da\nEngenharia \n<\/p>\n\n\n\n<p>\n1.2.5.08.01 Mec\u00e2nicos \n<\/p>\n\n\n\n<p>\n1.2.5.08.02 El\u00e9tricos \n<\/p>\n\n\n\n<p>\n1.2.5.08.03 Eletr\u00f4nicos \n<\/p>\n\n\n\n<p>\n1.2.5.08.04 Magn\u00e9ticos \n<\/p>\n\n\n\n<p>\n1.2.5.08.05 \u00d3pticos \n<\/p>\n\n\n\n<p>\n1.2.5.09.00 Rob\u00f3tica\u201d<\/p>\n\n\n\n<p>Maiores informa\u00e7\u00f5es e comprova\u00e7\u00f5es curriculares podem ser acessadas em seu site, mais especificamente no link a seguir:<\/p>\n\n\n\n<p><a rel=\"noreferrer noopener\" aria-label=\" (abre numa nova aba)\" href=\"http:\/\/www.agenorzapparoli.com.br\/index.php?p=curriculum.php\" target=\"_blank\">http:\/\/www.agenorzapparoli.com.br\/index.php?p=curriculum.php<\/a><\/p>\n\n\n\n<p>Perceba que neste exemplo o Perito n\u00e3o apresentou fisicamente seu documento comprobat\u00f3rio (diploma e\/ou certificado), mas disponibilizou um link onde as PARTES poder\u00e3o acessar para consult\u00e1-lo. Isso economiza o processo por desavoluma\u00e7\u00e3o. Lembrando que \u00e9 imprescind\u00edvel que esse link esteja dispon\u00edvel para sempre e que uma c\u00f3pia seja disponibilizada tamb\u00e9m no DVD em anexo ao laudo.<\/p>\n\n\n\n<p><\/p>\n","protected":false},"excerpt":{"rendered":"<p>Como a pr\u00f3pria denomina\u00e7\u00e3o demonstra, o Perito ser\u00e1 um ex\u00edmio conhecedor do objeto da prova, isto \u00e9, precisa ter conhecimento avan\u00e7ado no tema que periciar\u00e1.<\/p>\n","protected":false},"author":1,"featured_media":588,"comment_status":"open","ping_status":"open","sticky":false,"template":"","format":"standard","meta":{"om_disable_all_campaigns":false,"_monsterinsights_skip_tracking":false,"_monsterinsights_sitenote_active":false,"_monsterinsights_sitenote_note":"","_monsterinsights_sitenote_category":0,"footnotes":""},"categories":[4,6,1],"tags":[],"class_list":["post-584","post","type-post","status-publish","format-standard","has-post-thumbnail","hentry","category-artigos","category-como-elaborar-laudo-judicial","category-cursodepericia"],"aioseo_notices":[],"_links":{"self":[{"href":"https:\/\/periciajudicial.zsistemas.com.br\/index.php\/wp-json\/wp\/v2\/posts\/584","targetHints":{"allow":["GET"]}}],"collection":[{"href":"https:\/\/periciajudicial.zsistemas.com.br\/index.php\/wp-json\/wp\/v2\/posts"}],"about":[{"href":"https:\/\/periciajudicial.zsistemas.com.br\/index.php\/wp-json\/wp\/v2\/types\/post"}],"author":[{"embeddable":true,"href":"https:\/\/periciajudicial.zsistemas.com.br\/index.php\/wp-json\/wp\/v2\/users\/1"}],"replies":[{"embeddable":true,"href":"https:\/\/periciajudicial.zsistemas.com.br\/index.php\/wp-json\/wp\/v2\/comments?post=584"}],"version-history":[{"count":5,"href":"https:\/\/periciajudicial.zsistemas.com.br\/index.php\/wp-json\/wp\/v2\/posts\/584\/revisions"}],"predecessor-version":[{"id":590,"href":"https:\/\/periciajudicial.zsistemas.com.br\/index.php\/wp-json\/wp\/v2\/posts\/584\/revisions\/590"}],"wp:featuredmedia":[{"embeddable":true,"href":"https:\/\/periciajudicial.zsistemas.com.br\/index.php\/wp-json\/wp\/v2\/media\/588"}],"wp:attachment":[{"href":"https:\/\/periciajudicial.zsistemas.com.br\/index.php\/wp-json\/wp\/v2\/media?parent=584"}],"wp:term":[{"taxonomy":"category","embeddable":true,"href":"https:\/\/periciajudicial.zsistemas.com.br\/index.php\/wp-json\/wp\/v2\/categories?post=584"},{"taxonomy":"post_tag","embeddable":true,"href":"https:\/\/periciajudicial.zsistemas.com.br\/index.php\/wp-json\/wp\/v2\/tags?post=584"}],"curies":[{"name":"wp","href":"https:\/\/api.w.org\/{rel}","templated":true}]}}