{"id":773,"date":"2020-08-10T16:53:00","date_gmt":"2020-08-10T19:53:00","guid":{"rendered":"http:\/\/periciajudicial.zsistemas.com.br\/?p=773"},"modified":"2020-08-12T14:49:14","modified_gmt":"2020-08-12T17:49:14","slug":"como-descobrir-se-equipamentos-eletroeletronicos-foram-queimados-por-descargas-atmosfericas-raios","status":"publish","type":"post","link":"https:\/\/periciajudicial.zsistemas.com.br\/index.php\/2020\/08\/10\/como-descobrir-se-equipamentos-eletroeletronicos-foram-queimados-por-descargas-atmosfericas-raios\/","title":{"rendered":"Como descobrir se equipamentos eletroeletr\u00f4nicos foram queimados por descargas atmosf\u00e9ricas (raios)"},"content":{"rendered":"\n<figure class=\"wp-block-image\"><img loading=\"lazy\" decoding=\"async\" width=\"700\" height=\"350\" src=\"https:\/\/periciajudicial.zsistemas.com.br\/wp-content\/uploads\/2020\/08\/placa-TSI.jpg\" alt=\"\" class=\"wp-image-774\" srcset=\"https:\/\/periciajudicial.zsistemas.com.br\/wp-content\/uploads\/2020\/08\/placa-TSI.jpg 700w, https:\/\/periciajudicial.zsistemas.com.br\/wp-content\/uploads\/2020\/08\/placa-TSI-300x150.jpg 300w\" sizes=\"auto, (max-width: 700px) 100vw, 700px\" \/><figcaption>Imagem de <a href=\"https:\/\/periciajudicial.zsistemas.com.br\/index.php\/professor-ministrante-perito-agenor-zapparoli\/\" target=\"_blank\" rel=\"noreferrer noopener\" aria-label=\"Agenor Zapparoli (abre numa nova aba)\">Agenor Zapparoli<\/a><\/figcaption><\/figure>\n\n\n\n<p>Leia tamb\u00e9m: <a href=\"https:\/\/periciajudicial.zsistemas.com.br\/index.php\/2020\/08\/12\/como-pedir-ressarcimento-de-danos-eletricos-a-prestadora-de-energia\/\">https:\/\/periciajudicial.zsistemas.com.br\/index.php\/2020\/08\/12\/como-pedir-ressarcimento-de-danos-eletricos-a-prestadora-de-energia\/<\/a><\/p>\n\n\n\n<p class=\"has-medium-font-size\">Ao longo dos tempos as tempestades com descargas atmosf\u00e9ricas (DAs), popularmente chamadas de raios, foram respons\u00e1veis pela maioria das varia\u00e7\u00f5es energ\u00e9ticas nas redes el\u00e9tricas, resultando em danos a equipamentos eletroeletr\u00f4nicos. Voc\u00ea sabia que \u00e9 poss\u00edvel identificar se os equipamentos foram danificados pela varia\u00e7\u00e3o energ\u00e9tica e cobrar os danos das prestadoras de energias de sua regi\u00e3o?<\/p>\n\n\n\n<p class=\"has-medium-font-size\"> Alguns procedimentos em vistorias poderiam comprovar se os equipamentos, objetos da per\u00edcia, foram danificados por varia\u00e7\u00e3o energ\u00e9tica ou n\u00e3o. Os equipamentos eletr\u00f4nicos possuem em seu interior um ou v\u00e1rios circuitos setorizados, isto \u00e9, cada setor desses circuitos s\u00e3o respons\u00e1veis por uma ou mais determinadas tarefas. Em um r\u00e1dio, por exemplo, existem os setores de entrada e tratamento de energia, aquele respons\u00e1vel por receber a energia da prestadora e prontific\u00e1-la para seu uso interno, setor de recep\u00e7\u00e3o de sinal, aquele respons\u00e1vel por receber da antena externa os sinais de r\u00e1dio (wireless) das emissoras de r\u00e1dio, setor de amplifica\u00e7\u00e3o de sinal, aquele respons\u00e1vel por melhorar e aumentar o fraco sinal recebido via r\u00e1dios, setor de emiss\u00e3o de \u00e1udio, aquele respons\u00e1vel por converter os sinais el\u00e9tricos em ondas sonoras humanamente aud\u00edveis, etc. Analisando ent\u00e3o os componentes presentes no setor de entrada e tratamento de energia, sens\u00edveis a altas varia\u00e7\u00f5es energ\u00e9ticas, \u00e9 poss\u00edvel identificar se o equipamento foi danificado por surto energ\u00e9tico advindo da rede el\u00e9trica ou n\u00e3o, simplesmente testando seus valores padr\u00f5es. Por\u00e9m  existe outra possibilidade, da varia\u00e7\u00e3o ter advindo do sistema de recep\u00e7\u00e3o de sinal, que consequentemente recebeu do sistema de antena um surto originariamente a\u00e9reo, isto \u00e9, uma DA.<\/p>\n\n\n\n<p class=\"has-medium-font-size\">Na maioria das vezes se o surto energ\u00e9tico adveio do setor de tratamento energ\u00e9tico, a responsabilidade pode ser da Prestadora e ela ter\u00e1 que ressarci-lo pelo dano, por\u00e9m, se o dano estiver no setor de antena, significa que o surto adveio da antena e portanto n\u00e3o seria responsabilidade da prestadora. Outros fatores podem influenciar nessa an\u00e1lise, como se o seu condom\u00ednio ou resid\u00eancia possuem ou n\u00e3o sistemas de prote\u00e7\u00e3o contra varia\u00e7\u00f5es energ\u00e9tica, se est\u00e3o dentro das normas, etc. <\/p>\n\n\n\n<p class=\"has-medium-font-size\">Sabendo dessa nova informa\u00e7\u00e3o, sempre que tiver algum equipamento queimado em meio \u00e0s tempestades, entre em contato com sua prestadora de energia e abra um protocolo de ressarcimento de danos el\u00e9tricos. A prestadora \u00e9 obrigada a abrir uma investiga\u00e7\u00e3o interna e decidir se conserta ou troca por um novo, caso o dano tenha realmente equival\u00eancia com varia\u00e7\u00e3o advinda de sua rede el\u00e9trica.<\/p>\n\n\n\n<p class=\"has-text-color has-background has-medium-font-size has-white-color has-primary-background-color\">OBS: Nunca esque\u00e7a, se um equipamento queimar diante de uma tempestade, sempre entre em contato com a prestadora, nunca mande consertar sem a autoriza\u00e7\u00e3o da prestadora sob pena da perda do direito de ressarcimento.<\/p>\n","protected":false},"excerpt":{"rendered":"<p>Leia tamb\u00e9m: https:\/\/periciajudicial.zsistemas.com.br\/index.php\/2020\/08\/12\/como-pedir-ressarcimento-de-danos-eletricos-a-prestadora-de-energia\/ Ao longo dos tempos as tempestades com descargas atmosf\u00e9ricas (DAs), popularmente chamadas de raios, foram respons\u00e1veis pela maioria das varia\u00e7\u00f5es energ\u00e9ticas nas<\/p>\n","protected":false},"author":1,"featured_media":774,"comment_status":"open","ping_status":"open","sticky":false,"template":"","format":"standard","meta":{"om_disable_all_campaigns":false,"_monsterinsights_skip_tracking":false,"_monsterinsights_sitenote_active":false,"_monsterinsights_sitenote_note":"","_monsterinsights_sitenote_category":0,"footnotes":""},"categories":[4,21,25,20,19,22,23,24,26],"tags":[],"class_list":["post-773","post","type-post","status-publish","format-standard","has-post-thumbnail","hentry","category-artigos","category-circuito","category-descargas-atmosfericas","category-eletrica","category-eletronica","category-prestadoras-de-energia","category-queimas-de-equipamentos","category-ressarcimento-a-danos-eletricos","category-variacao-energetica"],"aioseo_notices":[],"_links":{"self":[{"href":"https:\/\/periciajudicial.zsistemas.com.br\/index.php\/wp-json\/wp\/v2\/posts\/773","targetHints":{"allow":["GET"]}}],"collection":[{"href":"https:\/\/periciajudicial.zsistemas.com.br\/index.php\/wp-json\/wp\/v2\/posts"}],"about":[{"href":"https:\/\/periciajudicial.zsistemas.com.br\/index.php\/wp-json\/wp\/v2\/types\/post"}],"author":[{"embeddable":true,"href":"https:\/\/periciajudicial.zsistemas.com.br\/index.php\/wp-json\/wp\/v2\/users\/1"}],"replies":[{"embeddable":true,"href":"https:\/\/periciajudicial.zsistemas.com.br\/index.php\/wp-json\/wp\/v2\/comments?post=773"}],"version-history":[{"count":5,"href":"https:\/\/periciajudicial.zsistemas.com.br\/index.php\/wp-json\/wp\/v2\/posts\/773\/revisions"}],"predecessor-version":[{"id":784,"href":"https:\/\/periciajudicial.zsistemas.com.br\/index.php\/wp-json\/wp\/v2\/posts\/773\/revisions\/784"}],"wp:featuredmedia":[{"embeddable":true,"href":"https:\/\/periciajudicial.zsistemas.com.br\/index.php\/wp-json\/wp\/v2\/media\/774"}],"wp:attachment":[{"href":"https:\/\/periciajudicial.zsistemas.com.br\/index.php\/wp-json\/wp\/v2\/media?parent=773"}],"wp:term":[{"taxonomy":"category","embeddable":true,"href":"https:\/\/periciajudicial.zsistemas.com.br\/index.php\/wp-json\/wp\/v2\/categories?post=773"},{"taxonomy":"post_tag","embeddable":true,"href":"https:\/\/periciajudicial.zsistemas.com.br\/index.php\/wp-json\/wp\/v2\/tags?post=773"}],"curies":[{"name":"wp","href":"https:\/\/api.w.org\/{rel}","templated":true}]}}